{"id":8569,"date":"2017-09-28T10:00:19","date_gmt":"2017-09-28T08:00:19","guid":{"rendered":"http:\/\/www.messinaoggi.it\/website\/?p=8569"},"modified":"2017-09-28T10:00:19","modified_gmt":"2017-09-28T08:00:19","slug":"sicilianindignati-attacchi-del-m5s-contro-candidatura-di-guarascio-solo-critiche-sterili","status":"publish","type":"post","link":"https:\/\/www.messinaoggi.it\/website\/2017\/09\/28\/sicilianindignati-attacchi-del-m5s-contro-candidatura-di-guarascio-solo-critiche-sterili\/","title":{"rendered":"SicilianIndignati: &#039;Attacchi del M5S contro candidatura di Guarascio? Solo critiche sterili&#039;"},"content":{"rendered":"<p style=\"text-align: justify\"><span style=\"color: #000000\"><span style=\"font-family: Arial, sans-serif\"><span style=\"font-size: medium\">&#8220;Attacchi indecenti. Parlino ai siciliani su come hanno fatto opposizione a Rosario Crocetta, con cui litigavano di mattina e si accordavano di sera&#8221;. Cos\u00ec il leader <\/span><\/span><\/span><span style=\"color: #000000\"><span style=\"font-family: Arial, sans-serif\"><span style=\"font-size: medium\">dei SicilianIndignati e vicepresidente designato del centrodestra in occasione delle prossime regionali, Gaetano Armao, ha risposto all&#8217;attacco di Giancarlo Cancelleri, il candidato pentastellato alla presidenza della regione Sicilia, nonch\u00e9 delle aggressioni dei militanti grillini sui social media contro Martina Guarascio, la candidata dei SicilianIndignati nella lista di Forza Italia, la cui candidatura \u00e8 stata presentata ieri a Vittoria.<\/span><\/span><\/span><div id=\"div-gpt-ad-Messinaoggi.it-DSK-300x250-corpoart\" style=\"text-align:center;margin:0 auto;\"><\/div><\/p>\n<p style=\"text-align: justify\"><span style=\"color: #000000\"><span style=\"font-family: Arial, sans-serif\"><span style=\"font-size: medium\">&#8220;Sono critiche sterili &#8211; ha affermato Guarascio &#8211; Vorrei, invece, che ci si concentrasse sui miei obiettivi: dare voce alle problematiche del mio territorio. Ho scelto di battermi contro il sistema delle aste giudiziarie selvagge che ha coinvolto in prima persona me e la mia famiglia. Sar\u00e0 questa una battaglia che combatter\u00f2 all&#8217;Ars, se eletta, e con un&#8217;associazione che fonder\u00f2 presto con professionisti che si occuperanno delle famiglie in difficolt\u00e0&#8221;.<\/span><\/span><\/span><div id=\"videoincontent\" style=\"clear:both\";><\/div><\/p>\n<p><span style=\"color: #000000\"><span style=\"font-family: Arial, sans-serif\"><span style=\"font-size: medium\">&#8220;La battaglia di Martina \u00e8 un chiaro segnale contro chi vuole mettere il velo sulla vergognosa gestione delle aste giudiziarie &#8211; ha concluso Armao &#8211; Rappresenta il volto pulito e battagliero della Sicilia che vuole dire basta alla disattenzione nei confronti delle famiglie e degli imprenditori. La Sicilia deve riscattarsi e ha bisogno di un messaggio di speranza che potr\u00e0 concretizzarsi solo se ci saranno mane esperti e competenti a gestire la cosa pubblica&#8221;.<\/span><\/span><\/span><\/p>\n","protected":false},"excerpt":{"rendered":"<p>&#8220;Attacchi indecenti. Parlino ai siciliani su come hanno fatto opposizione a Rosario Crocetta, con cui litigavano di mattina e si accordavano di sera&#8221;. Cos\u00ec il leader dei SicilianIndignati e vicepresidente designato del centrodestra in occasione delle prossime regionali, Gaetano Armao, ha risposto all&#8217;attacco di Giancarlo Cancelleri, il candidato pentastellato alla presidenza della regione Sicilia, nonch\u00e9 [&hellip;]<\/p>\n","protected":false},"author":8,"featured_media":8570,"comment_status":"closed","ping_status":"open","sticky":false,"template":"","format":"standard","meta":{"ub_ctt_via":"","_mi_skip_tracking":false},"categories":[4],"tags":[],"featured_image_src":"https:\/\/www.messinaoggi.it\/website\/wp-content\/uploads\/2017\/09\/gaetano-armao-e-martina-guarascio-2.jpg","author_info":{"display_name":"red..me","author_link":"https:\/\/www.messinaoggi.it\/website\/author\/redstage\/"},"digistream_id":0,"digistream":false,"_links":{"self":[{"href":"https:\/\/www.messinaoggi.it\/website\/wp-json\/wp\/v2\/posts\/8569"}],"collection":[{"href":"https:\/\/www.messinaoggi.it\/website\/wp-json\/wp\/v2\/posts"}],"about":[{"href":"https:\/\/www.messinaoggi.it\/website\/wp-json\/wp\/v2\/types\/post"}],"author":[{"embeddable":true,"href":"https:\/\/www.messinaoggi.it\/website\/wp-json\/wp\/v2\/users\/8"}],"replies":[{"embeddable":true,"href":"https:\/\/www.messinaoggi.it\/website\/wp-json\/wp\/v2\/comments?post=8569"}],"version-history":[{"count":0,"href":"https:\/\/www.messinaoggi.it\/website\/wp-json\/wp\/v2\/posts\/8569\/revisions"}],"wp:featuredmedia":[{"embeddable":true,"href":"https:\/\/www.messinaoggi.it\/website\/wp-json\/wp\/v2\/media\/8570"}],"wp:attachment":[{"href":"https:\/\/www.messinaoggi.it\/website\/wp-json\/wp\/v2\/media?parent=8569"}],"wp:term":[{"taxonomy":"category","embeddable":true,"href":"https:\/\/www.messinaoggi.it\/website\/wp-json\/wp\/v2\/categories?post=8569"},{"taxonomy":"post_tag","embeddable":true,"href":"https:\/\/www.messinaoggi.it\/website\/wp-json\/wp\/v2\/tags?post=8569"}],"curies":[{"name":"wp","href":"https:\/\/api.w.org\/{rel}","templated":true}]}}