{"id":85689,"date":"2021-11-01T18:07:42","date_gmt":"2021-11-01T17:07:42","guid":{"rendered":"https:\/\/www.messinaoggi.it\/website\/2021\/11\/01\/minacce-di-morte-contro-presidente-liguria-a-genova\/"},"modified":"2021-11-01T18:07:42","modified_gmt":"2021-11-01T17:07:42","slug":"minacce-di-morte-contro-presidente-liguria-a-genova","status":"publish","type":"post","link":"https:\/\/www.messinaoggi.it\/website\/2021\/11\/01\/minacce-di-morte-contro-presidente-liguria-a-genova\/","title":{"rendered":"Minacce di morte contro Presidente Liguria a Genova"},"content":{"rendered":"<div>GENOVA (ITALPRESS) &#8211; &#8220;Una scritta: &#8216;Giovanni Toti mort\u00f2. E una firma: &#8216;P38&#8242;, ovvero la pistola diventata simbolo degli Anni di Piombo. Il tutto nel quartiere genovese di Oregina, a due passi da via Fracchia, dove c&#8217;era l&#8217;appartamento-covo delle Brigate Rosse. E&#8217; l&#8217;ennesimo preoccupante messaggio indirizzato al presidente della Regione Liguria, un&#8217;altra minaccia di morte che segue di pochi giorni le vergognose scritte comparse in prossimit\u00e0 del centro vaccinale di Camporosso. Ancora una volta non possiamo che far pervenire tutte la nostra solidariet\u00e0 e vicinanza al presidente Toti, denunciando l&#8217;insopportabile escalation di violenza, per ora &#8216;sol\u00f2 verbale, che si sta manifestando nei suoi confronti&#8221;. Cos\u00ec in una nota i consiglieri regionali della Lista Toti Liguria.<br \/>(ITALPRESS).<\/div>\n<div id=\"div-gpt-ad-Messinaoggi.it-DSK-300x250-corpoart\" style=\"text-align:center;margin:0 auto;\"><\/div><\/p><div id=\"videoincontent\" style=\"clear:both\";><\/div>","protected":false},"excerpt":{"rendered":"<p>GENOVA (ITALPRESS) &#8211; &#8220;Una scritta: &#8216;Giovanni Toti mort\u00f2. E una firma: &#8216;P38&#8242;, ovvero la pistola diventata simbolo degli Anni di Piombo. Il tutto nel quartiere genovese di Oregina, a due passi da via Fracchia, dove c&#8217;era l&#8217;appartamento-covo delle Brigate Rosse. E&#8217; l&#8217;ennesimo preoccupante messaggio indirizzato al presidente della Regione Liguria, un&#8217;altra minaccia di morte che [&hellip;]<\/p>\n","protected":false},"author":18,"featured_media":85690,"comment_status":"closed","ping_status":"closed","sticky":false,"template":"","format":"standard","meta":{"ub_ctt_via":"","_mi_skip_tracking":false},"categories":[446],"tags":[783],"featured_image_src":"https:\/\/www.messinaoggi.it\/website\/wp-content\/uploads\/2021\/11\/20211101_0870.jpg","author_info":{"display_name":"Admin","author_link":"https:\/\/www.messinaoggi.it\/website\/author\/admin\/"},"digistream_id":0,"digistream":false,"_links":{"self":[{"href":"https:\/\/www.messinaoggi.it\/website\/wp-json\/wp\/v2\/posts\/85689"}],"collection":[{"href":"https:\/\/www.messinaoggi.it\/website\/wp-json\/wp\/v2\/posts"}],"about":[{"href":"https:\/\/www.messinaoggi.it\/website\/wp-json\/wp\/v2\/types\/post"}],"author":[{"embeddable":true,"href":"https:\/\/www.messinaoggi.it\/website\/wp-json\/wp\/v2\/users\/18"}],"replies":[{"embeddable":true,"href":"https:\/\/www.messinaoggi.it\/website\/wp-json\/wp\/v2\/comments?post=85689"}],"version-history":[{"count":0,"href":"https:\/\/www.messinaoggi.it\/website\/wp-json\/wp\/v2\/posts\/85689\/revisions"}],"wp:featuredmedia":[{"embeddable":true,"href":"https:\/\/www.messinaoggi.it\/website\/wp-json\/wp\/v2\/media\/85690"}],"wp:attachment":[{"href":"https:\/\/www.messinaoggi.it\/website\/wp-json\/wp\/v2\/media?parent=85689"}],"wp:term":[{"taxonomy":"category","embeddable":true,"href":"https:\/\/www.messinaoggi.it\/website\/wp-json\/wp\/v2\/categories?post=85689"},{"taxonomy":"post_tag","embeddable":true,"href":"https:\/\/www.messinaoggi.it\/website\/wp-json\/wp\/v2\/tags?post=85689"}],"curies":[{"name":"wp","href":"https:\/\/api.w.org\/{rel}","templated":true}]}}