{"id":85682,"date":"2021-11-01T16:07:39","date_gmt":"2021-11-01T15:07:39","guid":{"rendered":"https:\/\/www.messinaoggi.it\/website\/2021\/11\/01\/allegri-zitti-e-lavorare-domani-primo-obiettivo-stagione\/"},"modified":"2021-11-01T16:07:39","modified_gmt":"2021-11-01T15:07:39","slug":"allegri-zitti-e-lavorare-domani-primo-obiettivo-stagione","status":"publish","type":"post","link":"https:\/\/www.messinaoggi.it\/website\/2021\/11\/01\/allegri-zitti-e-lavorare-domani-primo-obiettivo-stagione\/","title":{"rendered":"Allegri \u201cZitti e lavorare, domani primo obiettivo stagione\u201d"},"content":{"rendered":"<div>TORINO (ITALPRESS) &#8211; &#8220;Domani \u00e8 il primo obiettivo della stagione, centrare il passaggio del turno, cosa che ci permetterebbe di concentrarci di pi\u00f9 sul campionato&#8221;. Presenta cos\u00ec Massimiliano Allegri, allenatore della Juventus, il match di Champions League che attende i bianconeri contro lo Zenit, gara in programma domani alle ore 21. Una sfida che arriva al momento giusto per provare a rialzarsi subito dopo i due pesanti ko rimediati in campionato contro Sassuolo e Verona. &#8220;Siamo arrabbiati e dispiaciuti, in cinque giorni abbiamo buttato a mare quello che avevamo fatto in un mese e mezzo. Dobbiamo riflettere. Inutile parlare del problema ma serve lavorare e stare zitti &#8211; ha sottolineato Allegri -. Nel calcio chi vince ha ragione e chi perde ha torto&#8221;. In caso di vittoria la Juventus sarebbe una delle prime squadre a staccare il pass per il prossimo turno: &#8220;Poche squadre domani avranno la possibilit\u00e0 di chiudere il discorso qualificazione, dipende solo da noi. Ho una squadra intelligente, non c&#8217;\u00e8 bisogno di alzare la voce. I giocatori sanno che siamo in un momento no, bisogna reagire e non chiaccherare&#8221;. Allegri, infine, ha concluso parlando dei calciatori assenti e dei motivi che lo hanno spinto ad accettare il ritorno alla Juve, con Capello che ha affermato di avergli suggerito di non farlo: &#8220;Chiesa e De Ligt stanno bene. Unici assenti sono Kean, De Sciglio e Ramsey, gli altri sono tutti a disposizione. Domani mattina decider\u00f2 chi fare giocare. Tornare a vincere non \u00e8 facile, ci vuole tempo e costruzione. Con societ\u00e0 e giocatori stiamo lavorando su questo. Abbiamo un&#8217;ottima squadra e un&#8217;ottima rosa&#8221;. Insieme all&#8217;allenatore bianconero in conferenza stampa \u00e8 intervenuto il difensore Danilo: &#8220;Questa partita arriva nel momento giusto, vogliamo fare sempre prestazioni con la stessa rabbia e concentrazione. Sar\u00e0 una gara difficile da affrontare nella migliore maniera possibile. Sappiamo cosa vogliamo e pensiamo a vincere gara dopo gara. Dobbiamo fare una bella prestazione per noi e per i tifosi. La Champions deve essere un obiettivo per noi, abbiamo qualit\u00e0 ed esperienza giusta&#8221;, ha concluso il brasiliano.<br \/>(ITALPRESS).<\/div>\n<div id=\"div-gpt-ad-Messinaoggi.it-DSK-300x250-corpoart\" style=\"text-align:center;margin:0 auto;\"><\/div><\/p><div id=\"videoincontent\" style=\"clear:both\";><\/div>","protected":false},"excerpt":{"rendered":"<p>TORINO (ITALPRESS) &#8211; &#8220;Domani \u00e8 il primo obiettivo della stagione, centrare il passaggio del turno, cosa che ci permetterebbe di concentrarci di pi\u00f9 sul campionato&#8221;. Presenta cos\u00ec Massimiliano Allegri, allenatore della Juventus, il match di Champions League che attende i bianconeri contro lo Zenit, gara in programma domani alle ore 21. Una sfida che arriva [&hellip;]<\/p>\n","protected":false},"author":18,"featured_media":85683,"comment_status":"closed","ping_status":"closed","sticky":false,"template":"","format":"standard","meta":{"ub_ctt_via":"","_mi_skip_tracking":false},"categories":[446],"tags":[783],"featured_image_src":"https:\/\/www.messinaoggi.it\/website\/wp-content\/uploads\/2021\/11\/20211101_0520.jpg","author_info":{"display_name":"Admin","author_link":"https:\/\/www.messinaoggi.it\/website\/author\/admin\/"},"digistream_id":0,"digistream":false,"_links":{"self":[{"href":"https:\/\/www.messinaoggi.it\/website\/wp-json\/wp\/v2\/posts\/85682"}],"collection":[{"href":"https:\/\/www.messinaoggi.it\/website\/wp-json\/wp\/v2\/posts"}],"about":[{"href":"https:\/\/www.messinaoggi.it\/website\/wp-json\/wp\/v2\/types\/post"}],"author":[{"embeddable":true,"href":"https:\/\/www.messinaoggi.it\/website\/wp-json\/wp\/v2\/users\/18"}],"replies":[{"embeddable":true,"href":"https:\/\/www.messinaoggi.it\/website\/wp-json\/wp\/v2\/comments?post=85682"}],"version-history":[{"count":0,"href":"https:\/\/www.messinaoggi.it\/website\/wp-json\/wp\/v2\/posts\/85682\/revisions"}],"wp:featuredmedia":[{"embeddable":true,"href":"https:\/\/www.messinaoggi.it\/website\/wp-json\/wp\/v2\/media\/85683"}],"wp:attachment":[{"href":"https:\/\/www.messinaoggi.it\/website\/wp-json\/wp\/v2\/media?parent=85682"}],"wp:term":[{"taxonomy":"category","embeddable":true,"href":"https:\/\/www.messinaoggi.it\/website\/wp-json\/wp\/v2\/categories?post=85682"},{"taxonomy":"post_tag","embeddable":true,"href":"https:\/\/www.messinaoggi.it\/website\/wp-json\/wp\/v2\/tags?post=85682"}],"curies":[{"name":"wp","href":"https:\/\/api.w.org\/{rel}","templated":true}]}}