{"id":85669,"date":"2021-11-01T10:07:40","date_gmt":"2021-11-01T09:07:40","guid":{"rendered":"https:\/\/www.messinaoggi.it\/website\/2021\/11\/01\/capello-calcio-non-e-basket-un-ex-giocatore-per-aiutare-var\/"},"modified":"2021-11-01T10:07:40","modified_gmt":"2021-11-01T09:07:40","slug":"capello-calcio-non-e-basket-un-ex-giocatore-per-aiutare-var","status":"publish","type":"post","link":"https:\/\/www.messinaoggi.it\/website\/2021\/11\/01\/capello-calcio-non-e-basket-un-ex-giocatore-per-aiutare-var\/","title":{"rendered":"Capello \u201cCalcio non \u00e8 basket, un ex giocatore per aiutare Var\u201d"},"content":{"rendered":"<div>ROMA (ITALPRESS) &#8211; Il rigore accordato ieri sera da Maresca al Milan per un presunto fallo di Ibrahimovic non ha fatto solo inviperire il tecnico della Roma Jos\u00e8 Mourinho ma non ha convinto nemmeno un doppio ex come Fabio Capello. &#8220;In Italia si arbitra in questa maniera &#8211; spiega l&#8217;ex ct di Inghilterra e Russia, 75 anni, ai microfoni di &#8216;Radio Anch&#8217;io Sport&#8217; su Rai RadioUno, analizzando il posticipo di ieri sera &#8211; Il calcio \u00e8 anche contatto e dinamica, la mia proposta \u00e8 sempre stata di mettere un ex giocatore vicino al Var per far capire la dinamica di quanto succede e poi discutere. Il calcio non \u00e8 il basket, dove peraltro sono ammessi pi\u00f9 contatti&#8230; Negli altri campionati internazionali questo non succede, in Italia invece continua a vedersi&#8221;. Per Capello, cambiare la direzione di gara porterebbe anche ad una diminuzione dei falli e a un maggior tempo effettivo: &#8220;C&#8217;\u00e8 qualche arbitro che dirige in una certa maniera, che non fischia falletti e rigoretti. Capisce che c\u00e8 un contatto, la lotta per la palla, e si va avanti: se fischi per ogni spinta, aumentano interruzioni e proteste. Meno fischi e meno ci sono proteste. Dipende dalla personalit\u00e0 dell&#8217;arbitro, che comprenda come il calcio sia un gioco di contatto, dopo un quarto d&#8217;ora i giocatori capiscono e non si buttano per terra, come invece successo ieri sera&#8221;. E, tornando al posticipo dell&#8217;Olimpico, Capello ammette che quella del Milan \u00e8 stata &#8220;una vittoria meritata. La Roma, quando \u00e8 riuscita ad andare avanti, \u00e8 stata sufficientemente percolosa e sfortunata, il Milan per\u00f2 \u00e8 pi\u00f9 squadra e pi\u00f9 convinta della propria forza, con un Ibra tornato protagonista nonostante avesse giocato poco&#8221;. A proposito dello svedese, che Capello allen\u00f2 per primo in Italia alla Juventus: &#8220;Non mi sorprese sia arrivato a questi livelli. Quando arriv\u00f2 alla Juve non sapeva calciare o calciava in una sola maniera. Grazie a Galbiati e ai miei suggerienti tecnici \u00e8 migliorato, tanto che calcia anche le punizioni. La sua costanza mi ha fatto capire che sarebbe diventato un grande, doveva maturare come idea di quello che doveva fare sul campo&#8221;. Se il Milan ha Ibra, il Napoli ha Osimhen: &#8220;Mi piace molto, \u00e8 importante ed ha forza e determinazione. Con una qualit\u00e0 discreta, fisicamente d\u00e0 quella potenza di fuoco davanti che negli anni passati mancava. Il Milan per\u00f2 ha pi\u00f9 personalit\u00e0, qualit\u00e0 che ha anche l&#8217;Inter&#8221;. La Juventus invece, almeno in campionato, sembra avere difficolt\u00e0 quasi insormontabili: &#8220;Avevo suggerito ad Allegri di non rientrare e gli avevo previsto che sarebbe stato l&#8217;ombrellone di tutti i guai. I giocatori non esprimono tutto il loro potenziale e si vede in campo. E di questo si d\u00e0 la colpa all&#8217;allenatore, che \u00e8 stato fermo per due anni. Non \u00e8 una situazione facile da ribaltare&#8221;. Detto che un Mondiale ogni due anni gli sarebbe piaciuto egoisticamente da calciatore, Capello infine si sofferma su Mourinho: &#8220;E&#8217; adattissimo a Roma, ha capito le difficolt\u00e0 di una piazza che si esalta e si deprime molto facilmente&#8221;.<br \/>(ITALPRESS).<\/div>\n<div id=\"div-gpt-ad-Messinaoggi.it-DSK-300x250-corpoart\" style=\"text-align:center;margin:0 auto;\"><\/div><\/p><div id=\"videoincontent\" style=\"clear:both\";><\/div>","protected":false},"excerpt":{"rendered":"<p>ROMA (ITALPRESS) &#8211; Il rigore accordato ieri sera da Maresca al Milan per un presunto fallo di Ibrahimovic non ha fatto solo inviperire il tecnico della Roma Jos\u00e8 Mourinho ma non ha convinto nemmeno un doppio ex come Fabio Capello. &#8220;In Italia si arbitra in questa maniera &#8211; spiega l&#8217;ex ct di Inghilterra e Russia, [&hellip;]<\/p>\n","protected":false},"author":18,"featured_media":85670,"comment_status":"closed","ping_status":"closed","sticky":false,"template":"","format":"standard","meta":{"ub_ctt_via":"","_mi_skip_tracking":false},"categories":[446],"tags":[783],"featured_image_src":"https:\/\/www.messinaoggi.it\/website\/wp-content\/uploads\/2021\/11\/20211101_0122.jpg","author_info":{"display_name":"Admin","author_link":"https:\/\/www.messinaoggi.it\/website\/author\/admin\/"},"digistream_id":0,"digistream":false,"_links":{"self":[{"href":"https:\/\/www.messinaoggi.it\/website\/wp-json\/wp\/v2\/posts\/85669"}],"collection":[{"href":"https:\/\/www.messinaoggi.it\/website\/wp-json\/wp\/v2\/posts"}],"about":[{"href":"https:\/\/www.messinaoggi.it\/website\/wp-json\/wp\/v2\/types\/post"}],"author":[{"embeddable":true,"href":"https:\/\/www.messinaoggi.it\/website\/wp-json\/wp\/v2\/users\/18"}],"replies":[{"embeddable":true,"href":"https:\/\/www.messinaoggi.it\/website\/wp-json\/wp\/v2\/comments?post=85669"}],"version-history":[{"count":0,"href":"https:\/\/www.messinaoggi.it\/website\/wp-json\/wp\/v2\/posts\/85669\/revisions"}],"wp:featuredmedia":[{"embeddable":true,"href":"https:\/\/www.messinaoggi.it\/website\/wp-json\/wp\/v2\/media\/85670"}],"wp:attachment":[{"href":"https:\/\/www.messinaoggi.it\/website\/wp-json\/wp\/v2\/media?parent=85669"}],"wp:term":[{"taxonomy":"category","embeddable":true,"href":"https:\/\/www.messinaoggi.it\/website\/wp-json\/wp\/v2\/categories?post=85669"},{"taxonomy":"post_tag","embeddable":true,"href":"https:\/\/www.messinaoggi.it\/website\/wp-json\/wp\/v2\/tags?post=85669"}],"curies":[{"name":"wp","href":"https:\/\/api.w.org\/{rel}","templated":true}]}}