{"id":85661,"date":"2021-11-01T09:07:32","date_gmt":"2021-11-01T08:07:32","guid":{"rendered":"https:\/\/www.messinaoggi.it\/website\/2021\/11\/01\/vaccino-sileri-per-la-terza-dose-priorita-anche-ai-docenti\/"},"modified":"2021-11-01T09:07:32","modified_gmt":"2021-11-01T08:07:32","slug":"vaccino-sileri-per-la-terza-dose-priorita-anche-ai-docenti","status":"publish","type":"post","link":"https:\/\/www.messinaoggi.it\/website\/2021\/11\/01\/vaccino-sileri-per-la-terza-dose-priorita-anche-ai-docenti\/","title":{"rendered":"Vaccino, Sileri: \u201cPer la terza dose priorit\u00e0 anche ai docenti\u201d"},"content":{"rendered":"<div>ROMA (ITALPRESS) &#8211; &#8220;E&#8217; stato fatto per i sanitari e come loro docenti e operatori delle scuole lavorano in ambienti a rischio, a contatto con i giovani che sotto i 12 anni non sono immunizzati in quanto non \u00e8 ancora disponibile il vaccino per la loro et\u00e0&#8221;. In una intervista al Corriere della Sera, il sottosegretario alla Salute, Pierpaolo Sileri, evidenzia la necessit\u00e0 di aggiungere i dipendenti della scuola fra le categorie ad alta priorit\u00e0 per la terza dose di vaccino: &#8220;sempre rispettando per\u00f2 i sei mesi che devono intercorrere tra la seconda e la terza dose &#8211; precisa -. Non c&#8217;\u00e8 evidenza scientifica che sia necessario anticipare. Teniamo conto che gran parte del personale ha completato il ciclo in estate (il 90% con AstraZeneca) quindi c&#8217;\u00e8 ancora un p\u00f2 di tempo. Una decisione non \u00e8 stata presa, se ne sta discutendo&#8221;.<br \/>\n(ITALPRESS).<\/div>\n<div id=\"div-gpt-ad-Messinaoggi.it-DSK-300x250-corpoart\" style=\"text-align:center;margin:0 auto;\"><\/div><\/p><div id=\"videoincontent\" style=\"clear:both\";><\/div>","protected":false},"excerpt":{"rendered":"<p>ROMA (ITALPRESS) &#8211; &#8220;E&#8217; stato fatto per i sanitari e come loro docenti e operatori delle scuole lavorano in ambienti a rischio, a contatto con i giovani che sotto i 12 anni non sono immunizzati in quanto non \u00e8 ancora disponibile il vaccino per la loro et\u00e0&#8221;. In una intervista al Corriere della Sera, il [&hellip;]<\/p>\n","protected":false},"author":18,"featured_media":85662,"comment_status":"closed","ping_status":"closed","sticky":false,"template":"","format":"standard","meta":{"ub_ctt_via":"","_mi_skip_tracking":false},"categories":[446],"tags":[783],"featured_image_src":"https:\/\/www.messinaoggi.it\/website\/wp-content\/uploads\/2021\/11\/20211101_0085.jpg","author_info":{"display_name":"Admin","author_link":"https:\/\/www.messinaoggi.it\/website\/author\/admin\/"},"digistream_id":0,"digistream":false,"_links":{"self":[{"href":"https:\/\/www.messinaoggi.it\/website\/wp-json\/wp\/v2\/posts\/85661"}],"collection":[{"href":"https:\/\/www.messinaoggi.it\/website\/wp-json\/wp\/v2\/posts"}],"about":[{"href":"https:\/\/www.messinaoggi.it\/website\/wp-json\/wp\/v2\/types\/post"}],"author":[{"embeddable":true,"href":"https:\/\/www.messinaoggi.it\/website\/wp-json\/wp\/v2\/users\/18"}],"replies":[{"embeddable":true,"href":"https:\/\/www.messinaoggi.it\/website\/wp-json\/wp\/v2\/comments?post=85661"}],"version-history":[{"count":0,"href":"https:\/\/www.messinaoggi.it\/website\/wp-json\/wp\/v2\/posts\/85661\/revisions"}],"wp:featuredmedia":[{"embeddable":true,"href":"https:\/\/www.messinaoggi.it\/website\/wp-json\/wp\/v2\/media\/85662"}],"wp:attachment":[{"href":"https:\/\/www.messinaoggi.it\/website\/wp-json\/wp\/v2\/media?parent=85661"}],"wp:term":[{"taxonomy":"category","embeddable":true,"href":"https:\/\/www.messinaoggi.it\/website\/wp-json\/wp\/v2\/categories?post=85661"},{"taxonomy":"post_tag","embeddable":true,"href":"https:\/\/www.messinaoggi.it\/website\/wp-json\/wp\/v2\/tags?post=85661"}],"curies":[{"name":"wp","href":"https:\/\/api.w.org\/{rel}","templated":true}]}}