{"id":85652,"date":"2021-10-31T19:07:34","date_gmt":"2021-10-31T18:07:34","guid":{"rendered":"https:\/\/www.messinaoggi.it\/website\/2021\/10\/31\/covid-speranza-auspico-che-lema-decida-presto-sul-vaccino-per-i-bambini-da-5-a-12-anni\/"},"modified":"2021-10-31T19:11:12","modified_gmt":"2021-10-31T18:11:12","slug":"covid-speranza-auspico-che-lema-decida-presto-sul-vaccino-per-i-bambini-da-5-a-12-anni","status":"publish","type":"post","link":"https:\/\/www.messinaoggi.it\/website\/2021\/10\/31\/covid-speranza-auspico-che-lema-decida-presto-sul-vaccino-per-i-bambini-da-5-a-12-anni\/","title":{"rendered":"Covid, Speranza: \u201cAuspico che L\u2019Ema decida presto sul vaccino per i bambini da 5 a 12 anni\u201d"},"content":{"rendered":"<div>ROMA (ITALPRESS) &#8211; &#8220;Il vaccino anticovid tra i 5 e i 12 anni \u00e8 in corso di valutazione presso EMA, il nostro auspicio \u00e8 che si esprima entro dicembre, dopo di ci\u00f2 si potr\u00e0 procedere in questa direzione. Proteggere dal virus anche i pi\u00f9 piccoli ci consente di mettere la curva sotto controllo. Ema dovrebbe concludere la procedura entro la fine dell&#8217;anno. Sempre entro la fine dell&#8217;anno sapremo se ci sar\u00e0 o no la proroga dello stato di emergenza&#8221;. Lo ha dichiarato il Ministro della Salute Roberto Speranza a Mezz&#8217;ora in pi\u00f9 su Rai3.<br \/>\nE ha aggiunto: &#8220;Bisogna dialogare con la Cina, l&#8217;EMA sta facendo la valutazione sul vaccino cinese Sinovax, ma il nostro auspicio \u00e8 che ci sia reciproco riconoscimento. Sui brevetti condivido la posizione del Presidente USA Biden per la liberalizzazione, ma adesso la priorit\u00e0 \u00e8 portare i vaccini ai Paesi fragili&#8221;.<br \/>\n(ITALPRESS).<\/div>\n<div id=\"div-gpt-ad-Messinaoggi.it-DSK-300x250-corpoart\" style=\"text-align:center;margin:0 auto;\"><\/div><\/p><div id=\"videoincontent\" style=\"clear:both\";><\/div>","protected":false},"excerpt":{"rendered":"<p>ROMA (ITALPRESS) &#8211; &#8220;Il vaccino anticovid tra i 5 e i 12 anni \u00e8 in corso di valutazione presso EMA, il nostro auspicio \u00e8 che si esprima entro dicembre, dopo di ci\u00f2 si potr\u00e0 procedere in questa direzione. Proteggere dal virus anche i pi\u00f9 piccoli ci consente di mettere la curva sotto controllo. Ema dovrebbe [&hellip;]<\/p>\n","protected":false},"author":18,"featured_media":85653,"comment_status":"closed","ping_status":"closed","sticky":false,"template":"","format":"standard","meta":{"ub_ctt_via":"","_mi_skip_tracking":false},"categories":[221,446],"tags":[783],"featured_image_src":"https:\/\/www.messinaoggi.it\/website\/wp-content\/uploads\/2021\/10\/20211031_1435.jpg","author_info":{"display_name":"Admin","author_link":"https:\/\/www.messinaoggi.it\/website\/author\/admin\/"},"digistream_id":0,"digistream":false,"_links":{"self":[{"href":"https:\/\/www.messinaoggi.it\/website\/wp-json\/wp\/v2\/posts\/85652"}],"collection":[{"href":"https:\/\/www.messinaoggi.it\/website\/wp-json\/wp\/v2\/posts"}],"about":[{"href":"https:\/\/www.messinaoggi.it\/website\/wp-json\/wp\/v2\/types\/post"}],"author":[{"embeddable":true,"href":"https:\/\/www.messinaoggi.it\/website\/wp-json\/wp\/v2\/users\/18"}],"replies":[{"embeddable":true,"href":"https:\/\/www.messinaoggi.it\/website\/wp-json\/wp\/v2\/comments?post=85652"}],"version-history":[{"count":1,"href":"https:\/\/www.messinaoggi.it\/website\/wp-json\/wp\/v2\/posts\/85652\/revisions"}],"predecessor-version":[{"id":85655,"href":"https:\/\/www.messinaoggi.it\/website\/wp-json\/wp\/v2\/posts\/85652\/revisions\/85655"}],"wp:featuredmedia":[{"embeddable":true,"href":"https:\/\/www.messinaoggi.it\/website\/wp-json\/wp\/v2\/media\/85653"}],"wp:attachment":[{"href":"https:\/\/www.messinaoggi.it\/website\/wp-json\/wp\/v2\/media?parent=85652"}],"wp:term":[{"taxonomy":"category","embeddable":true,"href":"https:\/\/www.messinaoggi.it\/website\/wp-json\/wp\/v2\/categories?post=85652"},{"taxonomy":"post_tag","embeddable":true,"href":"https:\/\/www.messinaoggi.it\/website\/wp-json\/wp\/v2\/tags?post=85652"}],"curies":[{"name":"wp","href":"https:\/\/api.w.org\/{rel}","templated":true}]}}