{"id":85604,"date":"2021-10-31T11:07:33","date_gmt":"2021-10-31T10:07:33","guid":{"rendered":"https:\/\/www.messinaoggi.it\/website\/2021\/10\/31\/g20-letta-risultato-positivo-doppia-prova-maturita-italia\/"},"modified":"2021-10-31T11:07:33","modified_gmt":"2021-10-31T10:07:33","slug":"g20-letta-risultato-positivo-doppia-prova-maturita-italia","status":"publish","type":"post","link":"https:\/\/www.messinaoggi.it\/website\/2021\/10\/31\/g20-letta-risultato-positivo-doppia-prova-maturita-italia\/","title":{"rendered":"G20, Letta \u201cRisultato positivo, doppia prova maturit\u00e0 Italia\u201d"},"content":{"rendered":"<div>ROMA (ITALPRESS) &#8211; Il G20 in corso a Roma, \u00e8 stato &#8220;una doppia prova di maturit\u00e0 per l&#8217;Italia, con un risultato positivo in particolare per quel che riguarda l&#8217;accordo sulla &#8216;minimum tax&#8217; per le multinazionali, ma anche perch\u00e8 \u00e8 stato il primo vertice a livello mondiale con i rappresentanti in presenza fisica, dopo la pandemia, e anche da questo punto di vista \u00e8 stato un successo. Ha dimostrato che il ruolo dell&#8217;Italia in Europa \u00e8 importante e il rapporto privilegiato che c&#8217;\u00e8 con gli Stati Uniti&#8221;. Lo ha detto il segretario del Partito democratico Enrico Letta, ospite di Maria Latella a &#8220;Il caff\u00e8 della domenica&#8221; su Radio24. Poi, sull&#8217;Europa, il segretario DEm ha aggiunto come i leader europei e internazionali &#8220;sono stati tutti molto rispettosi e attenti. C&#8217;\u00e8 un clima molto positivo nei confronti del nostro Paese, che viene visto come modello per come ha affrontato la ripartenza dal Covid, con un forte ancoraggio all&#8217;Europa. C&#8217;\u00e8 una spinta verso un&#8217;Europa pi\u00f9 solida, in grado di far s\u00ec che funzionino grandi progetti di investimento e tutti guardano al fatto che l&#8217;Italia sia in grado di spendere i fondi europei&#8221;.<br \/>(ITALPRESS).<\/div>\n<div id=\"div-gpt-ad-Messinaoggi.it-DSK-300x250-corpoart\" style=\"text-align:center;margin:0 auto;\"><\/div><\/p><div id=\"videoincontent\" style=\"clear:both\";><\/div>","protected":false},"excerpt":{"rendered":"<p>ROMA (ITALPRESS) &#8211; Il G20 in corso a Roma, \u00e8 stato &#8220;una doppia prova di maturit\u00e0 per l&#8217;Italia, con un risultato positivo in particolare per quel che riguarda l&#8217;accordo sulla &#8216;minimum tax&#8217; per le multinazionali, ma anche perch\u00e8 \u00e8 stato il primo vertice a livello mondiale con i rappresentanti in presenza fisica, dopo la pandemia, [&hellip;]<\/p>\n","protected":false},"author":18,"featured_media":85605,"comment_status":"closed","ping_status":"closed","sticky":false,"template":"","format":"standard","meta":{"ub_ctt_via":"","_mi_skip_tracking":false},"categories":[446],"tags":[783],"featured_image_src":"https:\/\/www.messinaoggi.it\/website\/wp-content\/uploads\/2021\/10\/20211031_0181.jpg","author_info":{"display_name":"Admin","author_link":"https:\/\/www.messinaoggi.it\/website\/author\/admin\/"},"digistream_id":0,"digistream":false,"_links":{"self":[{"href":"https:\/\/www.messinaoggi.it\/website\/wp-json\/wp\/v2\/posts\/85604"}],"collection":[{"href":"https:\/\/www.messinaoggi.it\/website\/wp-json\/wp\/v2\/posts"}],"about":[{"href":"https:\/\/www.messinaoggi.it\/website\/wp-json\/wp\/v2\/types\/post"}],"author":[{"embeddable":true,"href":"https:\/\/www.messinaoggi.it\/website\/wp-json\/wp\/v2\/users\/18"}],"replies":[{"embeddable":true,"href":"https:\/\/www.messinaoggi.it\/website\/wp-json\/wp\/v2\/comments?post=85604"}],"version-history":[{"count":0,"href":"https:\/\/www.messinaoggi.it\/website\/wp-json\/wp\/v2\/posts\/85604\/revisions"}],"wp:featuredmedia":[{"embeddable":true,"href":"https:\/\/www.messinaoggi.it\/website\/wp-json\/wp\/v2\/media\/85605"}],"wp:attachment":[{"href":"https:\/\/www.messinaoggi.it\/website\/wp-json\/wp\/v2\/media?parent=85604"}],"wp:term":[{"taxonomy":"category","embeddable":true,"href":"https:\/\/www.messinaoggi.it\/website\/wp-json\/wp\/v2\/categories?post=85604"},{"taxonomy":"post_tag","embeddable":true,"href":"https:\/\/www.messinaoggi.it\/website\/wp-json\/wp\/v2\/tags?post=85604"}],"curies":[{"name":"wp","href":"https:\/\/api.w.org\/{rel}","templated":true}]}}