{"id":85600,"date":"2021-10-31T09:07:33","date_gmt":"2021-10-31T08:07:33","guid":{"rendered":"https:\/\/www.messinaoggi.it\/website\/2021\/10\/31\/clima-papa-francesco-sono-i-bambini-i-piu-saggi-ascoltiamoli\/"},"modified":"2021-10-31T09:07:33","modified_gmt":"2021-10-31T08:07:33","slug":"clima-papa-francesco-sono-i-bambini-i-piu-saggi-ascoltiamoli","status":"publish","type":"post","link":"https:\/\/www.messinaoggi.it\/website\/2021\/10\/31\/clima-papa-francesco-sono-i-bambini-i-piu-saggi-ascoltiamoli\/","title":{"rendered":"Clima, Papa Francesco \u201cSono i bambini i pi\u00f9 saggi. Ascoltiamoli\u201d"},"content":{"rendered":"<div>ROMA (ITALPRESS) &#8211; &#8220;Sei anni fa, ho pubblicato la lettera enciclica Laudato s\u00ec, sulla cura della casa comune, facendo appello a un nuovo dialogo condiviso sulla nostra casa comune &#8211; su come stiamo forgiando negativamente il futuro del nostro pianeta con il nostro comportamento irresponsabile. Sono lieto di vedere che l&#8217;enciclica ha avuto un impatto positivo sui nostri sforzi di prenderci cura della nostra casa comune nella Chiesa, nelle nostre comunit\u00e0 ecumeniche e interreligiose, nei circoli politici ed economici, nelle sfere educativa e culturale, e non solo&#8221;. E&#8217; parte del testo inedito di Papa Francesco che costituisce la prefazione al libro Laudato s\u00ec Reader, pubblicato da Libreria Editrice Vaticana (Lav) in occasione di Cop26, pubblicato dal Corriere della Sera. Il Pontefice esorta a &#8220;seguire la guida&#8221; dei pi\u00f9 piccoli nell&#8217;affrontare la sfida climatica e non solo. Il &#8220;Grido della Terra e il Grido dei Poveri&#8221; &#8211; si legge ancora nel testo &#8211; che ho presentato nella Laudato s\u00ec come conseguenza emblematica del nostro fallimento nel prenderci cura della nostra casa comune \u00e8 stato amplificato di recente dall&#8217;emergenza del Covid-19, che l&#8217;umanit\u00e0 sta ancora cercando di contrastare. Perci\u00f2, una crisi ecologica, rappresentata dal &#8220;grido della terra&#8221; e una crisi sociale, rappresentata dal &#8220;grido dei poveri&#8221;, sono state rese letali da una crisi sanitaria: la pandemia del Covid-19&#8243;. &#8220;Ciononostante, non dimentichiamo che le crisi sono anche finestre di opportunit\u00e0: sono occasioni per riconoscere e imparare dagli errori del passato. Il recente passato ci ha mostrato che sono soprattutto i nostri bambini ad aver capito la portata e l&#8217;enormit\u00e0 delle sfide che la societ\u00e0 ha di fronte, specialmente la crisi climatica. Dobbiamo ascoltarli con cuori aperti. Dobbiamo seguire la loro guida perch\u00e8 sono saggi nonostante l&#8217;et\u00e0&#8230;&#8221;.<br \/>\n(ITALPRESS).<\/div>\n<div id=\"div-gpt-ad-Messinaoggi.it-DSK-300x250-corpoart\" style=\"text-align:center;margin:0 auto;\"><\/div><\/p><div id=\"videoincontent\" style=\"clear:both\";><\/div>","protected":false},"excerpt":{"rendered":"<p>ROMA (ITALPRESS) &#8211; &#8220;Sei anni fa, ho pubblicato la lettera enciclica Laudato s\u00ec, sulla cura della casa comune, facendo appello a un nuovo dialogo condiviso sulla nostra casa comune &#8211; su come stiamo forgiando negativamente il futuro del nostro pianeta con il nostro comportamento irresponsabile. Sono lieto di vedere che l&#8217;enciclica ha avuto un impatto [&hellip;]<\/p>\n","protected":false},"author":18,"featured_media":85601,"comment_status":"closed","ping_status":"closed","sticky":false,"template":"","format":"standard","meta":{"ub_ctt_via":"","_mi_skip_tracking":false},"categories":[446],"tags":[783],"featured_image_src":"https:\/\/www.messinaoggi.it\/website\/wp-content\/uploads\/2021\/10\/20211031_0095.jpg","author_info":{"display_name":"Admin","author_link":"https:\/\/www.messinaoggi.it\/website\/author\/admin\/"},"digistream_id":0,"digistream":false,"_links":{"self":[{"href":"https:\/\/www.messinaoggi.it\/website\/wp-json\/wp\/v2\/posts\/85600"}],"collection":[{"href":"https:\/\/www.messinaoggi.it\/website\/wp-json\/wp\/v2\/posts"}],"about":[{"href":"https:\/\/www.messinaoggi.it\/website\/wp-json\/wp\/v2\/types\/post"}],"author":[{"embeddable":true,"href":"https:\/\/www.messinaoggi.it\/website\/wp-json\/wp\/v2\/users\/18"}],"replies":[{"embeddable":true,"href":"https:\/\/www.messinaoggi.it\/website\/wp-json\/wp\/v2\/comments?post=85600"}],"version-history":[{"count":0,"href":"https:\/\/www.messinaoggi.it\/website\/wp-json\/wp\/v2\/posts\/85600\/revisions"}],"wp:featuredmedia":[{"embeddable":true,"href":"https:\/\/www.messinaoggi.it\/website\/wp-json\/wp\/v2\/media\/85601"}],"wp:attachment":[{"href":"https:\/\/www.messinaoggi.it\/website\/wp-json\/wp\/v2\/media?parent=85600"}],"wp:term":[{"taxonomy":"category","embeddable":true,"href":"https:\/\/www.messinaoggi.it\/website\/wp-json\/wp\/v2\/categories?post=85600"},{"taxonomy":"post_tag","embeddable":true,"href":"https:\/\/www.messinaoggi.it\/website\/wp-json\/wp\/v2\/tags?post=85600"}],"curies":[{"name":"wp","href":"https:\/\/api.w.org\/{rel}","templated":true}]}}