{"id":85536,"date":"2021-10-30T14:47:31","date_gmt":"2021-10-30T12:47:31","guid":{"rendered":"https:\/\/www.messinaoggi.it\/website\/2021\/10\/30\/maltempo-musumeci-peggio-sembra-passato-ue-affronti-cambiamento-clima\/"},"modified":"2021-10-30T15:01:17","modified_gmt":"2021-10-30T13:01:17","slug":"maltempo-musumeci-peggio-sembra-passato-ue-affronti-cambiamento-clima","status":"publish","type":"post","link":"https:\/\/www.messinaoggi.it\/website\/2021\/10\/30\/maltempo-musumeci-peggio-sembra-passato-ue-affronti-cambiamento-clima\/","title":{"rendered":"Maltempo, Musumeci \u201cPeggio sembra passato.Ue affronti cambiamento clima\u201d"},"content":{"rendered":"<div>\n<p>PALERMO (ITALPRESS) \u2013 \u201cStavolta il peggio sembra essere passato, ma rimangono i morti da piangere e le ferite sul territorio, i tantissimi danni alle strutture pubbliche e a quelle private. Rimangono migliaia e migliaia di titolari di imprese che continuano ancora a vivere nella disperazione. Tuttavia abbiamo il dovere di guardare avanti con rinnovato ottimismo. Speriamo che Bruxelles si renda conto che l\u2019Europa non \u00e8 ancora pronta ad affrontare il cambiamento climatico e che possa dare agli Stati membri le necessarie direttive perch\u00e8 si possa intervenire al pi\u00f9 presto\u201d. Lo afferma il presidente della Regione Siciliana, Nello Musumeci. \u201cLa Sicilia negli ultimi quattro anni \u2013 prosegue il governatore \u2013 ha fatto tutto quello che poteva fare: siamo la prima Regione d\u2019Italia per avere speso il maggior numero di risorse finanziarie nella lotta contro le frane e dissesto. Ma non basta, ecco perch\u00e8 serve un nuovo approccio e serve una consapevolezza maggiore da parte di tutti. Lasciatemi ringraziare \u2013 aggiunge Musumeci \u2013 chi ha operato in queste giornate accanto ai prefetti, ai sindaci, alla nostra Protezione civile, i tanti volontari, le forze dell\u2019ordine, il Corpo forestale. Siamo stati, ancora una volta, una grande comunit\u00e0, pronta senza mai perdere la speranza, senza mai perdere il controllo, perch\u00e8 siamo abituati a convivere con il pericolo e siamo soprattutto pronti al guardare al futuro con rinnovato ottimismo\u201d.<br \/>(ITALPRESS).<div id=\"div-gpt-ad-Messinaoggi.it-DSK-300x250-corpoart\" style=\"text-align:center;margin:0 auto;\"><\/div><\/p>\n<\/div>\n<div id=\"videoincontent\" style=\"clear:both\";><\/div>","protected":false},"excerpt":{"rendered":"<p>PALERMO (ITALPRESS) \u2013 \u201cStavolta il peggio sembra essere passato, ma rimangono i morti da piangere e le ferite sul territorio, i tantissimi danni alle strutture pubbliche e a quelle private. Rimangono migliaia e migliaia di titolari di imprese che continuano ancora a vivere nella disperazione. Tuttavia abbiamo il dovere di guardare avanti con rinnovato ottimismo. [&hellip;]<\/p>\n","protected":false},"author":18,"featured_media":85537,"comment_status":"closed","ping_status":"closed","sticky":false,"template":"","format":"standard","meta":{"ub_ctt_via":"","_mi_skip_tracking":false},"categories":[19,11,2449],"tags":[783],"featured_image_src":"https:\/\/www.messinaoggi.it\/website\/wp-content\/uploads\/2021\/10\/20211030_0981.jpg","author_info":{"display_name":"Admin","author_link":"https:\/\/www.messinaoggi.it\/website\/author\/admin\/"},"digistream_id":0,"digistream":false,"_links":{"self":[{"href":"https:\/\/www.messinaoggi.it\/website\/wp-json\/wp\/v2\/posts\/85536"}],"collection":[{"href":"https:\/\/www.messinaoggi.it\/website\/wp-json\/wp\/v2\/posts"}],"about":[{"href":"https:\/\/www.messinaoggi.it\/website\/wp-json\/wp\/v2\/types\/post"}],"author":[{"embeddable":true,"href":"https:\/\/www.messinaoggi.it\/website\/wp-json\/wp\/v2\/users\/18"}],"replies":[{"embeddable":true,"href":"https:\/\/www.messinaoggi.it\/website\/wp-json\/wp\/v2\/comments?post=85536"}],"version-history":[{"count":1,"href":"https:\/\/www.messinaoggi.it\/website\/wp-json\/wp\/v2\/posts\/85536\/revisions"}],"predecessor-version":[{"id":85538,"href":"https:\/\/www.messinaoggi.it\/website\/wp-json\/wp\/v2\/posts\/85536\/revisions\/85538"}],"wp:featuredmedia":[{"embeddable":true,"href":"https:\/\/www.messinaoggi.it\/website\/wp-json\/wp\/v2\/media\/85537"}],"wp:attachment":[{"href":"https:\/\/www.messinaoggi.it\/website\/wp-json\/wp\/v2\/media?parent=85536"}],"wp:term":[{"taxonomy":"category","embeddable":true,"href":"https:\/\/www.messinaoggi.it\/website\/wp-json\/wp\/v2\/categories?post=85536"},{"taxonomy":"post_tag","embeddable":true,"href":"https:\/\/www.messinaoggi.it\/website\/wp-json\/wp\/v2\/tags?post=85536"}],"curies":[{"name":"wp","href":"https:\/\/api.w.org\/{rel}","templated":true}]}}