{"id":85518,"date":"2021-10-30T00:07:31","date_gmt":"2021-10-29T22:07:31","guid":{"rendered":"https:\/\/www.messinaoggi.it\/website\/2021\/10\/30\/sinner-batte-ruud-e-vola-in-semifinale-allatp-500-di-vienna\/"},"modified":"2021-10-30T15:00:22","modified_gmt":"2021-10-30T13:00:22","slug":"sinner-batte-ruud-e-vola-in-semifinale-allatp-500-di-vienna","status":"publish","type":"post","link":"https:\/\/www.messinaoggi.it\/website\/2021\/10\/30\/sinner-batte-ruud-e-vola-in-semifinale-allatp-500-di-vienna\/","title":{"rendered":"Sinner batte Ruud e vola in semifinale all\u2019Atp 500 di Vienna"},"content":{"rendered":"<div>VIENNA (AUSTRIA) (ITALPRESS) &#8211; Jannik Sinner sbarca nelle semifinali dell'&#8221;Erste Bank Open&#8221;, ATP 500 dotato di un montepremi di 1.837.190 euro che si sta disputando sul veloce indoor della Wiener Stadthalle della capitale austriaca. Il 20enne tennista altoatesino, n.11 ATP e 7 del seeding, reduce dal trionfo ad Anversa e sempre pi\u00f9 in corsa per le Atp Finals, ha superato nei quarti il norvegese Casper Ruud, ottavo del ranking e testa di serie numero 4, con il punteggio di 7-5 6-1, maturato in un&#8217;ora e 37 minuti di gioco. Domani, in semifinale, Sinner, che luned\u00ec prossimo salir\u00e0 sul nono gradino della top 10 mondiale, sfider\u00e0 il qualificato statunitense Frances Tiafoe. Nell&#8217;altra semifinale se la vedranno il tedesco Alexander Zverev, seconda forza del tabellone, e il Next Gen spagnolo Carlos Alcaraz, autore dell&#8217;eliminazione nei quarti di Matteo Berrettini, gi\u00e0 sicuro di partecipere alle Atp Finals di Torino.<br \/>(ITALPRESS).<\/div>\n<div id=\"div-gpt-ad-Messinaoggi.it-DSK-300x250-corpoart\" style=\"text-align:center;margin:0 auto;\"><\/div><\/p><div id=\"videoincontent\" style=\"clear:both\";><\/div>","protected":false},"excerpt":{"rendered":"<p>VIENNA (AUSTRIA) (ITALPRESS) &#8211; Jannik Sinner sbarca nelle semifinali dell&#8217;&#8221;Erste Bank Open&#8221;, ATP 500 dotato di un montepremi di 1.837.190 euro che si sta disputando sul veloce indoor della Wiener Stadthalle della capitale austriaca. Il 20enne tennista altoatesino, n.11 ATP e 7 del seeding, reduce dal trionfo ad Anversa e sempre pi\u00f9 in corsa per [&hellip;]<\/p>\n","protected":false},"author":18,"featured_media":85519,"comment_status":"closed","ping_status":"closed","sticky":false,"template":"","format":"standard","meta":{"ub_ctt_via":"","_mi_skip_tracking":false},"categories":[8,446,9],"tags":[783],"featured_image_src":"https:\/\/www.messinaoggi.it\/website\/wp-content\/uploads\/2021\/10\/20211029_2565.jpg","author_info":{"display_name":"Admin","author_link":"https:\/\/www.messinaoggi.it\/website\/author\/admin\/"},"digistream_id":0,"digistream":false,"_links":{"self":[{"href":"https:\/\/www.messinaoggi.it\/website\/wp-json\/wp\/v2\/posts\/85518"}],"collection":[{"href":"https:\/\/www.messinaoggi.it\/website\/wp-json\/wp\/v2\/posts"}],"about":[{"href":"https:\/\/www.messinaoggi.it\/website\/wp-json\/wp\/v2\/types\/post"}],"author":[{"embeddable":true,"href":"https:\/\/www.messinaoggi.it\/website\/wp-json\/wp\/v2\/users\/18"}],"replies":[{"embeddable":true,"href":"https:\/\/www.messinaoggi.it\/website\/wp-json\/wp\/v2\/comments?post=85518"}],"version-history":[{"count":1,"href":"https:\/\/www.messinaoggi.it\/website\/wp-json\/wp\/v2\/posts\/85518\/revisions"}],"predecessor-version":[{"id":85542,"href":"https:\/\/www.messinaoggi.it\/website\/wp-json\/wp\/v2\/posts\/85518\/revisions\/85542"}],"wp:featuredmedia":[{"embeddable":true,"href":"https:\/\/www.messinaoggi.it\/website\/wp-json\/wp\/v2\/media\/85519"}],"wp:attachment":[{"href":"https:\/\/www.messinaoggi.it\/website\/wp-json\/wp\/v2\/media?parent=85518"}],"wp:term":[{"taxonomy":"category","embeddable":true,"href":"https:\/\/www.messinaoggi.it\/website\/wp-json\/wp\/v2\/categories?post=85518"},{"taxonomy":"post_tag","embeddable":true,"href":"https:\/\/www.messinaoggi.it\/website\/wp-json\/wp\/v2\/tags?post=85518"}],"curies":[{"name":"wp","href":"https:\/\/api.w.org\/{rel}","templated":true}]}}