{"id":85512,"date":"2021-10-29T19:07:35","date_gmt":"2021-10-29T17:07:35","guid":{"rendered":"https:\/\/www.messinaoggi.it\/website\/2021\/10\/29\/biden-a-draghi-lavoro-straordinario-per-una-nuova-economia\/"},"modified":"2021-10-29T19:07:35","modified_gmt":"2021-10-29T17:07:35","slug":"biden-a-draghi-lavoro-straordinario-per-una-nuova-economia","status":"publish","type":"post","link":"https:\/\/www.messinaoggi.it\/website\/2021\/10\/29\/biden-a-draghi-lavoro-straordinario-per-una-nuova-economia\/","title":{"rendered":"Biden a Draghi \u201cLavoro straordinario per una nuova economia\u201d"},"content":{"rendered":"<div>ROMA (ITALPRESS) &#8211; Il presidente del Consiglio Mario Draghi ha incontrato a Palazzo Chigi il presidente degli Stati Uniti d&#8217;America, Joe Biden.<br \/>Secondo quanto riferisce Palazzo Chigi, il colloquio si \u00e8 incentrato sull&#8217;eccellente cooperazione fra la Presidenza italiana del G20 e gli USA nella gestione delle pi\u00f9 importanti sfide globali: la lotta alla pandemia, il contrasto ai cambiamenti climatici, il rilancio dell&#8217;economia, il rafforzamento del sistema multilaterale basato sulle regole. <br \/>Sono state inoltre discusse le relazioni bilaterali, con particolare riferimento alle opportunit\u00e0 offerte dai rispetti piani di ripresa economica. I due leader hanno riaffermato la solidit\u00e0 del legame transatlantico, e l&#8217;utilit\u00e0 dello sviluppo della difesa europea anche per la sicurezza transatlantica, in un rapporto di complementarit\u00e0. <br \/>Sono state infine passate in rassegna le principali crisi internazionali, in particolare l&#8217;Afghanistan, sulla scia degli esiti della Riunione straordinaria dei Leader G20 del 12 ottobre, e la situazione di instabilit\u00e0 nel Mediterraneo e in Libia.<br \/>&#8220;Stai facendo un lavoro straordinario &#8211; ha detto Biden a Draghi -. Dobbiamo dimostrare che le democrazie possono funzionare che possiamo dar vita a un nuovo modello economico. Voi lo state facendo&#8221;. <br \/>&#8220;Grazie per il supporto alla nostra presidenza del G20 &#8211; ha sottolineato Draghi -, e per la tua determinazione a perseguire la transizione ecologica&#8221;.<br \/>(ITALPRESS).<\/div>\n<div id=\"div-gpt-ad-Messinaoggi.it-DSK-300x250-corpoart\" style=\"text-align:center;margin:0 auto;\"><\/div><\/p><div id=\"videoincontent\" style=\"clear:both\";><\/div>","protected":false},"excerpt":{"rendered":"<p>ROMA (ITALPRESS) &#8211; Il presidente del Consiglio Mario Draghi ha incontrato a Palazzo Chigi il presidente degli Stati Uniti d&#8217;America, Joe Biden.Secondo quanto riferisce Palazzo Chigi, il colloquio si \u00e8 incentrato sull&#8217;eccellente cooperazione fra la Presidenza italiana del G20 e gli USA nella gestione delle pi\u00f9 importanti sfide globali: la lotta alla pandemia, il contrasto [&hellip;]<\/p>\n","protected":false},"author":18,"featured_media":85513,"comment_status":"closed","ping_status":"closed","sticky":false,"template":"","format":"standard","meta":{"ub_ctt_via":"","_mi_skip_tracking":false},"categories":[446],"tags":[783],"featured_image_src":"https:\/\/www.messinaoggi.it\/website\/wp-content\/uploads\/2021\/10\/20211029_2133.jpg","author_info":{"display_name":"Admin","author_link":"https:\/\/www.messinaoggi.it\/website\/author\/admin\/"},"digistream_id":0,"digistream":false,"_links":{"self":[{"href":"https:\/\/www.messinaoggi.it\/website\/wp-json\/wp\/v2\/posts\/85512"}],"collection":[{"href":"https:\/\/www.messinaoggi.it\/website\/wp-json\/wp\/v2\/posts"}],"about":[{"href":"https:\/\/www.messinaoggi.it\/website\/wp-json\/wp\/v2\/types\/post"}],"author":[{"embeddable":true,"href":"https:\/\/www.messinaoggi.it\/website\/wp-json\/wp\/v2\/users\/18"}],"replies":[{"embeddable":true,"href":"https:\/\/www.messinaoggi.it\/website\/wp-json\/wp\/v2\/comments?post=85512"}],"version-history":[{"count":0,"href":"https:\/\/www.messinaoggi.it\/website\/wp-json\/wp\/v2\/posts\/85512\/revisions"}],"wp:featuredmedia":[{"embeddable":true,"href":"https:\/\/www.messinaoggi.it\/website\/wp-json\/wp\/v2\/media\/85513"}],"wp:attachment":[{"href":"https:\/\/www.messinaoggi.it\/website\/wp-json\/wp\/v2\/media?parent=85512"}],"wp:term":[{"taxonomy":"category","embeddable":true,"href":"https:\/\/www.messinaoggi.it\/website\/wp-json\/wp\/v2\/categories?post=85512"},{"taxonomy":"post_tag","embeddable":true,"href":"https:\/\/www.messinaoggi.it\/website\/wp-json\/wp\/v2\/tags?post=85512"}],"curies":[{"name":"wp","href":"https:\/\/api.w.org\/{rel}","templated":true}]}}