{"id":85508,"date":"2021-10-29T18:47:32","date_gmt":"2021-10-29T16:47:32","guid":{"rendered":"https:\/\/www.messinaoggi.it\/website\/2021\/10\/29\/in-sicilia-471-nuovi-casi-di-covid-e-3-decessi-due-comuni-arancione\/"},"modified":"2021-10-29T18:47:32","modified_gmt":"2021-10-29T16:47:32","slug":"in-sicilia-471-nuovi-casi-di-covid-e-3-decessi-due-comuni-arancione","status":"publish","type":"post","link":"https:\/\/www.messinaoggi.it\/website\/2021\/10\/29\/in-sicilia-471-nuovi-casi-di-covid-e-3-decessi-due-comuni-arancione\/","title":{"rendered":"In Sicilia 471 nuovi casi di Covid e 3 decessi, due comuni \u201carancione\u201d"},"content":{"rendered":"<div>\n<p>PALERMO (ITALPRESS) \u2013 Significativa crescita dei casi Covid in Sicilia. I nuovi positivi, secondo il bollettino del Ministero della Salute, sono 471, in incremento rispetto ai 308 registrati dal bollettino di ieri. Ci\u00f2 nonostante il numero di tamponi processati inferiore, 12.651, un dato che fa risalire il tasso di positivit\u00e0 al 3,72%. Forte calo dei decessi: il numero dei morti registrati \u00e8 di 3 (-6). I guariti sono 370, quello degli attualmente positivi aumenta di 98 segnando un numero complessivo di 7.142. Lievissimo calo dei ricoverati nei reparti ordinari, con 285 ricoverati (-1), calano pure le terapie intensive a 36 (-2) con 1 nuovo ingresso. In isolamento domiciliare ci sono 6.821 persone.<br \/>Intanto, i Comuni di Castel di Iudica, nel Catanese, e Lercara Friddi, in provincia di Palermo, da domenica 31 ottobre saranno in \u201czona arancione\u201d. Lo prevede un\u2019ordinanza firmata dal presidente della Regione Nello Musumeci, su proposta del dipartimento regionale Asoe. Le misure restrittive anti Covid, a causa dell\u2019alto numero di positivi in rapporto ai vaccinati, saranno in vigore fino a gioved\u00ec 11 novembre.<br \/>Nei due Comuni \u00e8 consentita la ristorazione e la somministrazione di alimenti e bevande mantenendo, per\u00f2, sempre il limite di quattro persone al tavolo (a eccezione dei conviventi). Per tutte le informazioni in merito alle misure previste \u00e8 possibile consultare le Faq diffuse dall\u2019assessorato regionale alla Salute.<br \/>(ITALPRESS).<div id=\"div-gpt-ad-Messinaoggi.it-DSK-300x250-corpoart\" style=\"text-align:center;margin:0 auto;\"><\/div><\/p>\n<\/div>\n<div id=\"videoincontent\" style=\"clear:both\";><\/div>","protected":false},"excerpt":{"rendered":"<p>PALERMO (ITALPRESS) \u2013 Significativa crescita dei casi Covid in Sicilia. I nuovi positivi, secondo il bollettino del Ministero della Salute, sono 471, in incremento rispetto ai 308 registrati dal bollettino di ieri. Ci\u00f2 nonostante il numero di tamponi processati inferiore, 12.651, un dato che fa risalire il tasso di positivit\u00e0 al 3,72%. Forte calo dei [&hellip;]<\/p>\n","protected":false},"author":18,"featured_media":85509,"comment_status":"closed","ping_status":"closed","sticky":false,"template":"","format":"standard","meta":{"ub_ctt_via":"","_mi_skip_tracking":false},"categories":[2449],"tags":[783],"featured_image_src":"https:\/\/www.messinaoggi.it\/website\/wp-content\/uploads\/2021\/10\/20211029_2169.jpg","author_info":{"display_name":"Admin","author_link":"https:\/\/www.messinaoggi.it\/website\/author\/admin\/"},"digistream_id":0,"digistream":false,"_links":{"self":[{"href":"https:\/\/www.messinaoggi.it\/website\/wp-json\/wp\/v2\/posts\/85508"}],"collection":[{"href":"https:\/\/www.messinaoggi.it\/website\/wp-json\/wp\/v2\/posts"}],"about":[{"href":"https:\/\/www.messinaoggi.it\/website\/wp-json\/wp\/v2\/types\/post"}],"author":[{"embeddable":true,"href":"https:\/\/www.messinaoggi.it\/website\/wp-json\/wp\/v2\/users\/18"}],"replies":[{"embeddable":true,"href":"https:\/\/www.messinaoggi.it\/website\/wp-json\/wp\/v2\/comments?post=85508"}],"version-history":[{"count":0,"href":"https:\/\/www.messinaoggi.it\/website\/wp-json\/wp\/v2\/posts\/85508\/revisions"}],"wp:featuredmedia":[{"embeddable":true,"href":"https:\/\/www.messinaoggi.it\/website\/wp-json\/wp\/v2\/media\/85509"}],"wp:attachment":[{"href":"https:\/\/www.messinaoggi.it\/website\/wp-json\/wp\/v2\/media?parent=85508"}],"wp:term":[{"taxonomy":"category","embeddable":true,"href":"https:\/\/www.messinaoggi.it\/website\/wp-json\/wp\/v2\/categories?post=85508"},{"taxonomy":"post_tag","embeddable":true,"href":"https:\/\/www.messinaoggi.it\/website\/wp-json\/wp\/v2\/tags?post=85508"}],"curies":[{"name":"wp","href":"https:\/\/api.w.org\/{rel}","templated":true}]}}