{"id":85472,"date":"2021-10-29T17:07:33","date_gmt":"2021-10-29T15:07:33","guid":{"rendered":"https:\/\/www.messinaoggi.it\/website\/2021\/10\/29\/baglioni-rifare-sanremo-credo-proprio-di-no\/"},"modified":"2021-10-29T17:07:33","modified_gmt":"2021-10-29T15:07:33","slug":"baglioni-rifare-sanremo-credo-proprio-di-no","status":"publish","type":"post","link":"https:\/\/www.messinaoggi.it\/website\/2021\/10\/29\/baglioni-rifare-sanremo-credo-proprio-di-no\/","title":{"rendered":"Baglioni \u201cRifare Sanremo? Credo proprio di no\u201d"},"content":{"rendered":"<div>MILANO (ITALPRESS) &#8211; &#8220;Il Festival di Sanremo \u00e8 un&#8217;occasione speciale. E&#8217; un lusso che uno pu\u00f2 permettersi una o due volte al massimo. Credo proprio che non lo rifarei&#8221;. Lo dice Claudio Baglioni, ospite domenica 31 ottobre a Verissimo su Canale 5. Baglioni che di Saremo \u00e8 stato direttore artistico nel 2018 e nel 2019, conduttore e super ospite non \u00e8 mai invece salito sul palco come concorrente: &#8220;Per alcuni musicisti della mia generazione, il Festival \u00e8 stato un posto dove non bisognava andare. Lo guardavamo con un p\u00f2 di aristocrazia. Invece, negli ultimi anni ha ripreso la sua forza incredibile&#8221;.<br \/>&#8220;Sanremo \u00e8 una grande commedia all&#8217;italiana molto interessante e difficile da affrontare &#8211; aggiunge- tantoch\u00e8 io adottai due terminologie: la prima volta mi sono nominato dittatore artistico e la seconda dirottatore perch\u00e8 ho apportato delle modifiche come quelle di togliere l&#8217;eliminazione dei cantanti e addirittura abolendo la differenza tra giovani e campioni. Ci sono state tante affermazioni come Ultimo, Achille Lauro e Mahmood. Questo \u00e8 estremamente importante perch\u00e8 vuol dire che abbiamo portato Sanremo verso la musica che si ascolta e si apprezza&#8221;.<br \/>Il cantante adesso \u00e8 pronto a tornare sulle scene con una sfida professionale. Sar\u00e0 protagonista di un&#8217;opera concerto dal titolo &#8220;In questa storia che \u00e8 la mia&#8221; al cinema dal 2 al 4 novembre: &#8220;E&#8217; una storia d&#8217;amore autobiografica. Questa \u00e8 una delle cose che riguardando trovo ancora buona, nonostante io sia molto autocritico. E&#8217; veramente una bellissima esperienza&#8221;.<br \/>(ITALPRESS).<\/div>\n<div id=\"div-gpt-ad-Messinaoggi.it-DSK-300x250-corpoart\" style=\"text-align:center;margin:0 auto;\"><\/div><\/p><div id=\"videoincontent\" style=\"clear:both\";><\/div>","protected":false},"excerpt":{"rendered":"<p>MILANO (ITALPRESS) &#8211; &#8220;Il Festival di Sanremo \u00e8 un&#8217;occasione speciale. E&#8217; un lusso che uno pu\u00f2 permettersi una o due volte al massimo. Credo proprio che non lo rifarei&#8221;. Lo dice Claudio Baglioni, ospite domenica 31 ottobre a Verissimo su Canale 5. Baglioni che di Saremo \u00e8 stato direttore artistico nel 2018 e nel 2019, [&hellip;]<\/p>\n","protected":false},"author":18,"featured_media":85473,"comment_status":"closed","ping_status":"closed","sticky":false,"template":"","format":"standard","meta":{"ub_ctt_via":"","_mi_skip_tracking":false},"categories":[446],"tags":[783],"featured_image_src":"https:\/\/www.messinaoggi.it\/website\/wp-content\/uploads\/2021\/10\/20211029_1779.jpg","author_info":{"display_name":"Admin","author_link":"https:\/\/www.messinaoggi.it\/website\/author\/admin\/"},"digistream_id":0,"digistream":false,"_links":{"self":[{"href":"https:\/\/www.messinaoggi.it\/website\/wp-json\/wp\/v2\/posts\/85472"}],"collection":[{"href":"https:\/\/www.messinaoggi.it\/website\/wp-json\/wp\/v2\/posts"}],"about":[{"href":"https:\/\/www.messinaoggi.it\/website\/wp-json\/wp\/v2\/types\/post"}],"author":[{"embeddable":true,"href":"https:\/\/www.messinaoggi.it\/website\/wp-json\/wp\/v2\/users\/18"}],"replies":[{"embeddable":true,"href":"https:\/\/www.messinaoggi.it\/website\/wp-json\/wp\/v2\/comments?post=85472"}],"version-history":[{"count":0,"href":"https:\/\/www.messinaoggi.it\/website\/wp-json\/wp\/v2\/posts\/85472\/revisions"}],"wp:featuredmedia":[{"embeddable":true,"href":"https:\/\/www.messinaoggi.it\/website\/wp-json\/wp\/v2\/media\/85473"}],"wp:attachment":[{"href":"https:\/\/www.messinaoggi.it\/website\/wp-json\/wp\/v2\/media?parent=85472"}],"wp:term":[{"taxonomy":"category","embeddable":true,"href":"https:\/\/www.messinaoggi.it\/website\/wp-json\/wp\/v2\/categories?post=85472"},{"taxonomy":"post_tag","embeddable":true,"href":"https:\/\/www.messinaoggi.it\/website\/wp-json\/wp\/v2\/tags?post=85472"}],"curies":[{"name":"wp","href":"https:\/\/api.w.org\/{rel}","templated":true}]}}