{"id":85418,"date":"2021-10-29T14:07:38","date_gmt":"2021-10-29T12:07:38","guid":{"rendered":"https:\/\/www.messinaoggi.it\/website\/2021\/10\/29\/papa-il-vertice-sul-clima-dia-risposte-efficaci\/"},"modified":"2021-10-29T14:07:38","modified_gmt":"2021-10-29T12:07:38","slug":"papa-il-vertice-sul-clima-dia-risposte-efficaci","status":"publish","type":"post","link":"https:\/\/www.messinaoggi.it\/website\/2021\/10\/29\/papa-il-vertice-sul-clima-dia-risposte-efficaci\/","title":{"rendered":"Papa \u201cIl vertice sul clima dia risposte efficaci\u201d"},"content":{"rendered":"<div>CITT\u00e0 DEL VATICANO (ITALPRESS) &#8211; &#8220;Le nostre sicurezze sono crollate, il nostro appetito di potere e la nostra smania di controllo si stanno sgretolando&#8221;. Lo dice Papa Francesco, in un videomessaggio trasmesso dalla rubrica radiofonica &#8220;Thought of Day&#8221; della BBC in vista della 26^ Conferenza delle parti (Cop26) della Convenzione quadro delle Nazioni Unite sui cambiamenti climatici (Unfccc). L&#8217;incontro si terr\u00e0 a Glasgow, in Scozia, dal 31 ottobre al 12 novembre.<br \/>Francesco chiede &#8220;visione, capacit\u00e0 di pianificazione e rapidit\u00e0 di esecuzione&#8221; per ripensare &#8220;il futuro della nostra casa comune&#8221;, cogliendo &#8220;una vera occasione di trasformazione, un vero punto di conversione, non solo in senso spirituale&#8221;.<br \/>&#8220;Quest&#8217;ultima via \u00e8 la sola che conduce verso un orizzonte &#8220;luminoso&#8221; e pu\u00f2 essere perseguita solo attraverso una rinnovata corresponsabilit\u00e0 mondiale, una nuova solidariet\u00e0 fondata sulla giustizia, sulla condivisione di un comune destino e sulla coscienza dell&#8217;unit\u00e0 della famiglia umana, progetto di Dio per il mondo &#8211; sottolinea il Pontefice -. Si tratta di una sfida di civilt\u00e0 a favore del bene comune e di un cambiamento di prospettiva, nella mente e nello sguardo, che deve porre al centro di ogni nostra azione la dignit\u00e0 di tutti gli esseri umani di oggi e di domani&#8221;.<br \/>Francesco ricorda, poi, l&#8217;Appello congiunto, firmato il 4 ottobre scorso con capi religiosi e scienziati, per richiamare &#8220;azioni pi\u00f9 responsabili e coerenti&#8221; sul clima, perch\u00e8 &#8220;non possiamo permettere&#8221; che le generazioni future debbano vivere &#8220;in un mondo inabitabile&#8221;.<br \/>&#8220;Nell&#8217;Appello congiunto abbiamo richiamato la necessit\u00e0 di adoperarci responsabilmente a favore della &#8220;cultura della cura&#8221; della nostra casa comune ed anche di noi stessi, cercando di estirpare i &#8220;semi dei conflitti: avidit\u00e0, indifferenza, ignoranza, paura, ingiustizia, insicurezza e violenza&#8221;, dice ancora Francesco, per il quale &#8220;un cambio di rotta cos\u00ec tanto urgente richiede l&#8217;impegno di ciascuno&#8221;, un impegno che &#8220;va alimentato anche dalla propria fede e spiritualit\u00e0&#8221;.<br \/>(ITALPRESS).<\/div>\n<div id=\"div-gpt-ad-Messinaoggi.it-DSK-300x250-corpoart\" style=\"text-align:center;margin:0 auto;\"><\/div><\/p><div id=\"videoincontent\" style=\"clear:both\";><\/div>","protected":false},"excerpt":{"rendered":"<p>CITT\u00e0 DEL VATICANO (ITALPRESS) &#8211; &#8220;Le nostre sicurezze sono crollate, il nostro appetito di potere e la nostra smania di controllo si stanno sgretolando&#8221;. Lo dice Papa Francesco, in un videomessaggio trasmesso dalla rubrica radiofonica &#8220;Thought of Day&#8221; della BBC in vista della 26^ Conferenza delle parti (Cop26) della Convenzione quadro delle Nazioni Unite sui [&hellip;]<\/p>\n","protected":false},"author":18,"featured_media":85419,"comment_status":"closed","ping_status":"closed","sticky":false,"template":"","format":"standard","meta":{"ub_ctt_via":"","_mi_skip_tracking":false},"categories":[446],"tags":[783],"featured_image_src":"https:\/\/www.messinaoggi.it\/website\/wp-content\/uploads\/2021\/10\/20211029_0821.jpg","author_info":{"display_name":"Admin","author_link":"https:\/\/www.messinaoggi.it\/website\/author\/admin\/"},"digistream_id":0,"digistream":false,"_links":{"self":[{"href":"https:\/\/www.messinaoggi.it\/website\/wp-json\/wp\/v2\/posts\/85418"}],"collection":[{"href":"https:\/\/www.messinaoggi.it\/website\/wp-json\/wp\/v2\/posts"}],"about":[{"href":"https:\/\/www.messinaoggi.it\/website\/wp-json\/wp\/v2\/types\/post"}],"author":[{"embeddable":true,"href":"https:\/\/www.messinaoggi.it\/website\/wp-json\/wp\/v2\/users\/18"}],"replies":[{"embeddable":true,"href":"https:\/\/www.messinaoggi.it\/website\/wp-json\/wp\/v2\/comments?post=85418"}],"version-history":[{"count":0,"href":"https:\/\/www.messinaoggi.it\/website\/wp-json\/wp\/v2\/posts\/85418\/revisions"}],"wp:featuredmedia":[{"embeddable":true,"href":"https:\/\/www.messinaoggi.it\/website\/wp-json\/wp\/v2\/media\/85419"}],"wp:attachment":[{"href":"https:\/\/www.messinaoggi.it\/website\/wp-json\/wp\/v2\/media?parent=85418"}],"wp:term":[{"taxonomy":"category","embeddable":true,"href":"https:\/\/www.messinaoggi.it\/website\/wp-json\/wp\/v2\/categories?post=85418"},{"taxonomy":"post_tag","embeddable":true,"href":"https:\/\/www.messinaoggi.it\/website\/wp-json\/wp\/v2\/tags?post=85418"}],"curies":[{"name":"wp","href":"https:\/\/api.w.org\/{rel}","templated":true}]}}