{"id":85364,"date":"2021-10-29T10:07:35","date_gmt":"2021-10-29T08:07:35","guid":{"rendered":"https:\/\/www.messinaoggi.it\/website\/2021\/10\/29\/di-maio-nessuno-scontro-su-reddito-di-cittadinanza-chiudere-dibattito\/"},"modified":"2021-10-29T10:07:35","modified_gmt":"2021-10-29T08:07:35","slug":"di-maio-nessuno-scontro-su-reddito-di-cittadinanza-chiudere-dibattito","status":"publish","type":"post","link":"https:\/\/www.messinaoggi.it\/website\/2021\/10\/29\/di-maio-nessuno-scontro-su-reddito-di-cittadinanza-chiudere-dibattito\/","title":{"rendered":"Di Maio \u201cNessuno scontro su reddito di cittadinanza, chiudere dibattito\u201d"},"content":{"rendered":"<div>ROMA (ITALPRESS) &#8211; &#8220;Scontro su RdC? No, ieri il reddito \u00e8 stato soltanto un tema di dibattito come \u00e8 giusto in democrazia. Il Reddito di cittadinanza \u00e8 stata una misura rifinanziata dal governo Draghi, governo di unit\u00e0 nazionale. Ora mi auguro che il dibattito si chiuda&#8221;. Lo ha dichiarato il Ministro degli Esteri, Luigi Di Maio, ad Agor\u00e0 su Rai3.<br \/>(ITALPRESS).<\/div>\n<div id=\"div-gpt-ad-Messinaoggi.it-DSK-300x250-corpoart\" style=\"text-align:center;margin:0 auto;\"><\/div><\/p><div id=\"videoincontent\" style=\"clear:both\";><\/div>","protected":false},"excerpt":{"rendered":"<p>ROMA (ITALPRESS) &#8211; &#8220;Scontro su RdC? No, ieri il reddito \u00e8 stato soltanto un tema di dibattito come \u00e8 giusto in democrazia. Il Reddito di cittadinanza \u00e8 stata una misura rifinanziata dal governo Draghi, governo di unit\u00e0 nazionale. Ora mi auguro che il dibattito si chiuda&#8221;. Lo ha dichiarato il Ministro degli Esteri, Luigi Di [&hellip;]<\/p>\n","protected":false},"author":18,"featured_media":85365,"comment_status":"closed","ping_status":"closed","sticky":false,"template":"","format":"standard","meta":{"ub_ctt_via":"","_mi_skip_tracking":false},"categories":[446],"tags":[783],"featured_image_src":"https:\/\/www.messinaoggi.it\/website\/wp-content\/uploads\/2021\/10\/20211029_0142.jpg","author_info":{"display_name":"Admin","author_link":"https:\/\/www.messinaoggi.it\/website\/author\/admin\/"},"digistream_id":0,"digistream":false,"_links":{"self":[{"href":"https:\/\/www.messinaoggi.it\/website\/wp-json\/wp\/v2\/posts\/85364"}],"collection":[{"href":"https:\/\/www.messinaoggi.it\/website\/wp-json\/wp\/v2\/posts"}],"about":[{"href":"https:\/\/www.messinaoggi.it\/website\/wp-json\/wp\/v2\/types\/post"}],"author":[{"embeddable":true,"href":"https:\/\/www.messinaoggi.it\/website\/wp-json\/wp\/v2\/users\/18"}],"replies":[{"embeddable":true,"href":"https:\/\/www.messinaoggi.it\/website\/wp-json\/wp\/v2\/comments?post=85364"}],"version-history":[{"count":0,"href":"https:\/\/www.messinaoggi.it\/website\/wp-json\/wp\/v2\/posts\/85364\/revisions"}],"wp:featuredmedia":[{"embeddable":true,"href":"https:\/\/www.messinaoggi.it\/website\/wp-json\/wp\/v2\/media\/85365"}],"wp:attachment":[{"href":"https:\/\/www.messinaoggi.it\/website\/wp-json\/wp\/v2\/media?parent=85364"}],"wp:term":[{"taxonomy":"category","embeddable":true,"href":"https:\/\/www.messinaoggi.it\/website\/wp-json\/wp\/v2\/categories?post=85364"},{"taxonomy":"post_tag","embeddable":true,"href":"https:\/\/www.messinaoggi.it\/website\/wp-json\/wp\/v2\/tags?post=85364"}],"curies":[{"name":"wp","href":"https:\/\/api.w.org\/{rel}","templated":true}]}}