{"id":85353,"date":"2021-10-28T23:56:54","date_gmt":"2021-10-28T21:56:54","guid":{"rendered":"http:\/\/www.messinaoggi.it\/website\/?p=85353"},"modified":"2021-10-28T23:56:55","modified_gmt":"2021-10-28T21:56:55","slug":"messina-chiusa-per-allerta-meteo","status":"publish","type":"post","link":"https:\/\/www.messinaoggi.it\/website\/2021\/10\/28\/messina-chiusa-per-allerta-meteo\/","title":{"rendered":"Messina chiusa per allerta meteo"},"content":{"rendered":"\n<p>Il Sindaco Cateno De Luca con Ordinanza n. 245 di questa sera, gioved\u00ec 28, ha disposto per domani,\u00a0<a href=\"x-apple-data-detectors:\/\/5\">venerd\u00ec 29<\/a>, la chiusura di tutti gli Istituti scolastici pubblici, privati e parificati di ogni ordine e grado, compresi quelli dell\u2019Infanzia, gli Asili nido, le Strutture educative ed assistenziali (a gestione diretta ed indiretta), i Cimiteri, le Ville e gli Impianti sportivi comunali. Il provvedimento si \u00e8 reso necessario a seguito dell\u2019avviso diramato dalla Sala Operativa del Dipartimento Regionale della Protezione Civile di un\u2019allerta di livello codice Rosso per rischio idrogeologico e idraulico, sino alle ore 24 di domani,\u00a0<a href=\"x-apple-data-detectors:\/\/7\">venerd\u00ec 29<\/a>. Nel prendere atto altres\u00ec, della nota inviata dalla Prefettura di Messina a tutti i Sindaci della Citt\u00e0 Metropolitana nella quale \u00e8 stata ravvisata l\u2019opportunit\u00e0, al fine di evitare spostamenti del personale dipendente e dell\u2019utenza, di procedere alla sospensione dell\u2019attivit\u00e0, e che l\u2019attivit\u00e0 lavorativa avvenga unicamente in forma agile, garantendo comunque i servizi essenziali di emergenza. Pertanto il Sindaco ha stabilito altres\u00ec che domani,\u00a0<a href=\"x-apple-data-detectors:\/\/9\">venerd\u00ec 29<\/a>, il personale comunale svolger\u00e0 l\u2019attivit\u00e0 lavorativa in modalit\u00e0 agile. Saranno comunque garantiti i servizi essenziali previsti dalle normative vigenti.<div id=\"div-gpt-ad-Messinaoggi.it-DSK-300x250-corpoart\" style=\"text-align:center;margin:0 auto;\"><\/div><\/p>\n<div id=\"videoincontent\" style=\"clear:both\";><\/div>","protected":false},"excerpt":{"rendered":"<p>Il Sindaco Cateno De Luca con Ordinanza n. 245 di questa sera, gioved\u00ec 28, ha disposto per domani,\u00a0venerd\u00ec 29, la chiusura di tutti gli Istituti scolastici pubblici, privati e parificati di ogni ordine e grado, compresi quelli dell\u2019Infanzia, gli Asili nido, le Strutture educative ed assistenziali (a gestione diretta ed indiretta), i Cimiteri, le Ville [&hellip;]<\/p>\n","protected":false},"author":2,"featured_media":53541,"comment_status":"open","ping_status":"open","sticky":false,"template":"","format":"standard","meta":{"ub_ctt_via":"","_mi_skip_tracking":false},"categories":[19],"tags":[3320,3319],"featured_image_src":"https:\/\/www.messinaoggi.it\/website\/wp-content\/uploads\/2021\/02\/F3A5C77E-467D-453F-A4D9-61DE0ADA50CF.jpeg","author_info":{"display_name":"Redazione","author_link":"https:\/\/www.messinaoggi.it\/website\/author\/redazione\/"},"digistream_id":0,"digistream":false,"_links":{"self":[{"href":"https:\/\/www.messinaoggi.it\/website\/wp-json\/wp\/v2\/posts\/85353"}],"collection":[{"href":"https:\/\/www.messinaoggi.it\/website\/wp-json\/wp\/v2\/posts"}],"about":[{"href":"https:\/\/www.messinaoggi.it\/website\/wp-json\/wp\/v2\/types\/post"}],"author":[{"embeddable":true,"href":"https:\/\/www.messinaoggi.it\/website\/wp-json\/wp\/v2\/users\/2"}],"replies":[{"embeddable":true,"href":"https:\/\/www.messinaoggi.it\/website\/wp-json\/wp\/v2\/comments?post=85353"}],"version-history":[{"count":1,"href":"https:\/\/www.messinaoggi.it\/website\/wp-json\/wp\/v2\/posts\/85353\/revisions"}],"predecessor-version":[{"id":85354,"href":"https:\/\/www.messinaoggi.it\/website\/wp-json\/wp\/v2\/posts\/85353\/revisions\/85354"}],"wp:featuredmedia":[{"embeddable":true,"href":"https:\/\/www.messinaoggi.it\/website\/wp-json\/wp\/v2\/media\/53541"}],"wp:attachment":[{"href":"https:\/\/www.messinaoggi.it\/website\/wp-json\/wp\/v2\/media?parent=85353"}],"wp:term":[{"taxonomy":"category","embeddable":true,"href":"https:\/\/www.messinaoggi.it\/website\/wp-json\/wp\/v2\/categories?post=85353"},{"taxonomy":"post_tag","embeddable":true,"href":"https:\/\/www.messinaoggi.it\/website\/wp-json\/wp\/v2\/tags?post=85353"}],"curies":[{"name":"wp","href":"https:\/\/api.w.org\/{rel}","templated":true}]}}