{"id":8532,"date":"2017-09-27T15:15:56","date_gmt":"2017-09-27T13:15:56","guid":{"rendered":"http:\/\/www.messinaoggi.it\/website\/?p=8532"},"modified":"2017-09-27T15:15:56","modified_gmt":"2017-09-27T13:15:56","slug":"accordo-per-raggiungere-il-minniti-fra-messina-e-reggio","status":"publish","type":"post","link":"https:\/\/www.messinaoggi.it\/website\/2017\/09\/27\/accordo-per-raggiungere-il-minniti-fra-messina-e-reggio\/","title":{"rendered":"Accordo per raggiungere il Minniti fra Messina e Reggio"},"content":{"rendered":"<p>Durante una conferenza stampa al Terminal Cavallotti sono stati illustrati i dettagli dell&#8217;accordo attuativo dei servizi di attraversamento dello Stretto per l&#8217;aeroporto reggino &#8220;Tito Minniti&#8221;, all&#8217;interno del pi\u00f9 articolato e complesso progetto di integrazione dei trasporti, oggetto del protocollo d&#8217;intesa tra le citt\u00e0 di Messina e Reggio Calabria, siglato lo scorso 29 maggio.<br \/>\nAll&#8217;incontro con i giornalisti hanno preso parte, tra gli altri, i sindaci di MESSINA, Renato Accorinti, e Reggio Calabria, Giuseppe Falcomat\u00e0, anche nella loro rispettiva qualit\u00e0 di sindaci delle Citt\u00e0 Metropolitane di MESSINAe Reggio Calabria; il vicesindaco e assessore ai Trasporti del Comune di Messina, Gaetano Cacciola; l&#8217;assessore ai Trasporti di Reggio Calabria, Giuseppe Marino; il direttore generale dell&#8217;ATM, Daniele De Almagro; il presidente della Camera di Commercio di MESSINA, Ivo Blandina; e l&#8217;amministratore delegato di Caronte &amp; Tourist, Rino Famiani. Concluso questo primo incontro, la delegazione ha traghettato a bordo di un bus gran turismo per raggiungere l&#8217;aeroporto dello Stretto di Reggio Calabria, dove e&#8217; stata formalizzata la stipula dell&#8217;accordo, che in via sperimentale sar\u00e0 operativo da 2 ottobre.<br \/>\nA sottoscriverlo i due sindaci, gli assessori comunali ai Trasporti, i presidenti delle due Camere di Commercio, i rappresentanti della Sacal spa, societa&#8217; di gestione degli aeroporti calabresi, e dei vettori Atam, Atm, Caronte &amp; Tourist e Liberty Lines Aliscafi.<div id=\"div-gpt-ad-Messinaoggi.it-DSK-300x250-corpoart\" style=\"text-align:center;margin:0 auto;\"><\/div><\/p>\n<div id=\"videoincontent\" style=\"clear:both\";><\/div>","protected":false},"excerpt":{"rendered":"<p>Durante una conferenza stampa al Terminal Cavallotti sono stati illustrati i dettagli dell&#8217;accordo attuativo dei servizi di attraversamento dello Stretto per l&#8217;aeroporto reggino &#8220;Tito Minniti&#8221;, all&#8217;interno del pi\u00f9 articolato e complesso progetto di integrazione dei trasporti, oggetto del protocollo d&#8217;intesa tra le citt\u00e0 di Messina e Reggio Calabria, siglato lo scorso 29 maggio. All&#8217;incontro con [&hellip;]<\/p>\n","protected":false},"author":2,"featured_media":2532,"comment_status":"closed","ping_status":"open","sticky":false,"template":"","format":"standard","meta":{"ub_ctt_via":"","_mi_skip_tracking":false},"categories":[5],"tags":[],"featured_image_src":"https:\/\/www.messinaoggi.it\/website\/wp-content\/uploads\/2017\/06\/parcheggio-cavallotti-2.jpg","author_info":{"display_name":"Redazione","author_link":"https:\/\/www.messinaoggi.it\/website\/author\/redazione\/"},"digistream_id":0,"digistream":false,"_links":{"self":[{"href":"https:\/\/www.messinaoggi.it\/website\/wp-json\/wp\/v2\/posts\/8532"}],"collection":[{"href":"https:\/\/www.messinaoggi.it\/website\/wp-json\/wp\/v2\/posts"}],"about":[{"href":"https:\/\/www.messinaoggi.it\/website\/wp-json\/wp\/v2\/types\/post"}],"author":[{"embeddable":true,"href":"https:\/\/www.messinaoggi.it\/website\/wp-json\/wp\/v2\/users\/2"}],"replies":[{"embeddable":true,"href":"https:\/\/www.messinaoggi.it\/website\/wp-json\/wp\/v2\/comments?post=8532"}],"version-history":[{"count":0,"href":"https:\/\/www.messinaoggi.it\/website\/wp-json\/wp\/v2\/posts\/8532\/revisions"}],"wp:featuredmedia":[{"embeddable":true,"href":"https:\/\/www.messinaoggi.it\/website\/wp-json\/wp\/v2\/media\/2532"}],"wp:attachment":[{"href":"https:\/\/www.messinaoggi.it\/website\/wp-json\/wp\/v2\/media?parent=8532"}],"wp:term":[{"taxonomy":"category","embeddable":true,"href":"https:\/\/www.messinaoggi.it\/website\/wp-json\/wp\/v2\/categories?post=8532"},{"taxonomy":"post_tag","embeddable":true,"href":"https:\/\/www.messinaoggi.it\/website\/wp-json\/wp\/v2\/tags?post=8532"}],"curies":[{"name":"wp","href":"https:\/\/api.w.org\/{rel}","templated":true}]}}