{"id":85297,"date":"2021-10-28T18:07:45","date_gmt":"2021-10-28T16:07:45","guid":{"rendered":"https:\/\/www.messinaoggi.it\/website\/2021\/10\/28\/ddl-zan-renzi-disastro-politico-per-totale-incapacita-del-pd\/"},"modified":"2021-10-28T18:07:45","modified_gmt":"2021-10-28T16:07:45","slug":"ddl-zan-renzi-disastro-politico-per-totale-incapacita-del-pd","status":"publish","type":"post","link":"https:\/\/www.messinaoggi.it\/website\/2021\/10\/28\/ddl-zan-renzi-disastro-politico-per-totale-incapacita-del-pd\/","title":{"rendered":"Ddl Zan, Renzi \u201cDisastro politico per totale incapacit\u00e0 del Pd\u201d"},"content":{"rendered":"<div>ROMA (ITALPRESS) &#8211; &#8220;Sul DDL Zan si \u00e8 consumato un disastro politico, gestito con totale incapacit\u00e0 dal PD di Enrico Letta, che prima ha fatto un&#8217;apertura in TV e poi ha deciso di andare al muro contro muro, giocando una partita ideologica sulla pelle delle persone. E naturalmente perdendola, come era chiaro per tutti quelli che conoscono il Senato, la politica e, soprattutto, la matematica&#8221;. Lo scrive il leader di Italia Viva Matteo Renzi nella sua e-News.<br \/>&#8220;Si \u00e8 consumata una figuraccia della classe politica, incapace di dire parole chiare sui diritti civili, tornando indietro di vent&#8217;anni: noi siamo quelli che hanno messo la fiducia sulle unioni civili, loro quelli che hanno affossato il DDL Zan. E si \u00e8 consumata la consueta aggressione verbale contro Italia Viva, portata avanti da PD e Cinque Stelle che &#8211; incapaci di portare a casa il risultato &#8211; cercano alibi e colpevoli, dando la colpa a noi. Pensate che vengono rilanciate sui social le richieste di andare sotto le sedi di Italia Viva &#8211; aggiunge -: questa \u00e8 la lezione democratica di chi voleva una legge contro l&#8217;odio. Pi\u00f9 ci penso, pi\u00f9 mi domando come sia stato possibile per PD e Cinque Stelle un suicidio politico di questo genere. Tutti sapevano che il provvedimento non sarebbe mai passato a scrutinio segreto. E i numeri dimostrano che tutti i gruppi hanno avuto diversi franchi tiratori&#8221;.<\/div>\n<div id=\"div-gpt-ad-Messinaoggi.it-DSK-300x250-corpoart\" style=\"text-align:center;margin:0 auto;\"><\/div><\/p><div id=\"videoincontent\" style=\"clear:both\";><\/div>","protected":false},"excerpt":{"rendered":"<p>ROMA (ITALPRESS) &#8211; &#8220;Sul DDL Zan si \u00e8 consumato un disastro politico, gestito con totale incapacit\u00e0 dal PD di Enrico Letta, che prima ha fatto un&#8217;apertura in TV e poi ha deciso di andare al muro contro muro, giocando una partita ideologica sulla pelle delle persone. E naturalmente perdendola, come era chiaro per tutti quelli [&hellip;]<\/p>\n","protected":false},"author":18,"featured_media":85298,"comment_status":"closed","ping_status":"closed","sticky":false,"template":"","format":"standard","meta":{"ub_ctt_via":"","_mi_skip_tracking":false},"categories":[446],"tags":[783],"featured_image_src":"https:\/\/www.messinaoggi.it\/website\/wp-content\/uploads\/2021\/10\/20211028_1986.jpg","author_info":{"display_name":"Admin","author_link":"https:\/\/www.messinaoggi.it\/website\/author\/admin\/"},"digistream_id":0,"digistream":false,"_links":{"self":[{"href":"https:\/\/www.messinaoggi.it\/website\/wp-json\/wp\/v2\/posts\/85297"}],"collection":[{"href":"https:\/\/www.messinaoggi.it\/website\/wp-json\/wp\/v2\/posts"}],"about":[{"href":"https:\/\/www.messinaoggi.it\/website\/wp-json\/wp\/v2\/types\/post"}],"author":[{"embeddable":true,"href":"https:\/\/www.messinaoggi.it\/website\/wp-json\/wp\/v2\/users\/18"}],"replies":[{"embeddable":true,"href":"https:\/\/www.messinaoggi.it\/website\/wp-json\/wp\/v2\/comments?post=85297"}],"version-history":[{"count":0,"href":"https:\/\/www.messinaoggi.it\/website\/wp-json\/wp\/v2\/posts\/85297\/revisions"}],"wp:featuredmedia":[{"embeddable":true,"href":"https:\/\/www.messinaoggi.it\/website\/wp-json\/wp\/v2\/media\/85298"}],"wp:attachment":[{"href":"https:\/\/www.messinaoggi.it\/website\/wp-json\/wp\/v2\/media?parent=85297"}],"wp:term":[{"taxonomy":"category","embeddable":true,"href":"https:\/\/www.messinaoggi.it\/website\/wp-json\/wp\/v2\/categories?post=85297"},{"taxonomy":"post_tag","embeddable":true,"href":"https:\/\/www.messinaoggi.it\/website\/wp-json\/wp\/v2\/tags?post=85297"}],"curies":[{"name":"wp","href":"https:\/\/api.w.org\/{rel}","templated":true}]}}