{"id":85293,"date":"2021-10-28T17:07:31","date_gmt":"2021-10-28T15:07:31","guid":{"rendered":"https:\/\/www.messinaoggi.it\/website\/2021\/10\/28\/gruppo-cap-i-depuratori-pubblici-saranno-trasformati-in-bioraffinerie\/"},"modified":"2021-10-28T17:07:31","modified_gmt":"2021-10-28T15:07:31","slug":"gruppo-cap-i-depuratori-pubblici-saranno-trasformati-in-bioraffinerie","status":"publish","type":"post","link":"https:\/\/www.messinaoggi.it\/website\/2021\/10\/28\/gruppo-cap-i-depuratori-pubblici-saranno-trasformati-in-bioraffinerie\/","title":{"rendered":"Gruppo Cap, i depuratori pubblici saranno trasformati in bioraffinerie"},"content":{"rendered":"<div>MILANO (ITALPRESS) &#8211; Trasformare i depuratori pubblici esistenti in bioraffinerie. E&#8217; questo il piano con il quale il Gruppo Cap, gestore del servizio idrico integrato della Citt\u00e0 Metropolitana di Milano, si \u00e8 presentato alla 25esima edizione di Ecomondo, l&#8217;evento di riferimento per la transizione energetica in programma alla Fiera di Rimini. <br \/>Dalla linearit\u00e0 alla circolarit\u00e0, \u00e8 il titolo del primo di 13 incontri che racconteranno la rivoluzione del settore idrico all&#8217;insegna dell&#8217;economia circolare. Il Gruppo Cap ha illustrato il modello depuratori-bioraffinerie, si tratta di piattaforme integrate per l&#8217;economia circolare capaci di coniugare la gestione sostenibile dell&#8217;acqua con quella dei rifiuti. Un progetto che nel territorio metropolitano di Milano \u00e8 diventato gi\u00e0 realt\u00e0. <br \/>Per il presidente e amministratore delegato del Gruppo Cap, Alessandro Russo si tratta di un &#8220;progetto che richieder\u00e0 molti investimenti e su cui abbiamo delle fasi di avvio che sono spalmate nei prossimi anni. Gi\u00e0 l&#8217;anno prossimo prender\u00e0 il via la bio-piattafroma di Sesto San Giovanni che \u00e8 il progetto pi\u00f9 ampio e importante che abbiamo costruito in questi anni. Poi a seguire stiamo lavorando su un&#8217;altra serie di impianti su tutta l&#8217;area metropolitana milanese che dal 2022 al 2026 porteranno circa 300 milioni di investimenti sull&#8217;economia circolare&#8221;.<br \/>All&#8217;incontro era presente anche l&#8217;assessore all&#8217;Ambiente della Regione Lombardia, Raffaele Cattaneo, che ha parlato del nodo degli impianti di smaltimento e trattamento dei rifiuti: &#8220;Noi ci siamo gi\u00e0 dotati degli impianti necessari, quello che serve nei prossimi anni \u00e8 aggiornarli e renderli pi\u00f9 moderni o cambiare la loro natura in relazione ad esigenze come il trattamento dei fanghi da depurazione. Non siamo nelle condizioni di altre regioni del Paese che devono realizzare impianti che non hanno mai avuto la responsabilit\u00e0 di fare negli anni passati&#8221;.<br \/>(ITALPRESS).<\/div>\n<div id=\"div-gpt-ad-Messinaoggi.it-DSK-300x250-corpoart\" style=\"text-align:center;margin:0 auto;\"><\/div><\/p><div id=\"videoincontent\" style=\"clear:both\";><\/div>","protected":false},"excerpt":{"rendered":"<p>MILANO (ITALPRESS) &#8211; Trasformare i depuratori pubblici esistenti in bioraffinerie. E&#8217; questo il piano con il quale il Gruppo Cap, gestore del servizio idrico integrato della Citt\u00e0 Metropolitana di Milano, si \u00e8 presentato alla 25esima edizione di Ecomondo, l&#8217;evento di riferimento per la transizione energetica in programma alla Fiera di Rimini. Dalla linearit\u00e0 alla circolarit\u00e0, [&hellip;]<\/p>\n","protected":false},"author":18,"featured_media":85294,"comment_status":"closed","ping_status":"closed","sticky":false,"template":"","format":"standard","meta":{"ub_ctt_via":"","_mi_skip_tracking":false},"categories":[446],"tags":[783],"featured_image_src":"https:\/\/www.messinaoggi.it\/website\/wp-content\/uploads\/2021\/10\/20211028_1846.jpg","author_info":{"display_name":"Admin","author_link":"https:\/\/www.messinaoggi.it\/website\/author\/admin\/"},"digistream_id":0,"digistream":false,"_links":{"self":[{"href":"https:\/\/www.messinaoggi.it\/website\/wp-json\/wp\/v2\/posts\/85293"}],"collection":[{"href":"https:\/\/www.messinaoggi.it\/website\/wp-json\/wp\/v2\/posts"}],"about":[{"href":"https:\/\/www.messinaoggi.it\/website\/wp-json\/wp\/v2\/types\/post"}],"author":[{"embeddable":true,"href":"https:\/\/www.messinaoggi.it\/website\/wp-json\/wp\/v2\/users\/18"}],"replies":[{"embeddable":true,"href":"https:\/\/www.messinaoggi.it\/website\/wp-json\/wp\/v2\/comments?post=85293"}],"version-history":[{"count":0,"href":"https:\/\/www.messinaoggi.it\/website\/wp-json\/wp\/v2\/posts\/85293\/revisions"}],"wp:featuredmedia":[{"embeddable":true,"href":"https:\/\/www.messinaoggi.it\/website\/wp-json\/wp\/v2\/media\/85294"}],"wp:attachment":[{"href":"https:\/\/www.messinaoggi.it\/website\/wp-json\/wp\/v2\/media?parent=85293"}],"wp:term":[{"taxonomy":"category","embeddable":true,"href":"https:\/\/www.messinaoggi.it\/website\/wp-json\/wp\/v2\/categories?post=85293"},{"taxonomy":"post_tag","embeddable":true,"href":"https:\/\/www.messinaoggi.it\/website\/wp-json\/wp\/v2\/tags?post=85293"}],"curies":[{"name":"wp","href":"https:\/\/api.w.org\/{rel}","templated":true}]}}