{"id":85287,"date":"2021-10-28T16:17:32","date_gmt":"2021-10-28T14:17:32","guid":{"rendered":"https:\/\/www.messinaoggi.it\/website\/2021\/10\/28\/maltempo-scatta-lallerta-rossa-in-sicilia\/"},"modified":"2021-10-28T16:23:31","modified_gmt":"2021-10-28T14:23:31","slug":"maltempo-scatta-lallerta-rossa-in-sicilia","status":"publish","type":"post","link":"https:\/\/www.messinaoggi.it\/website\/2021\/10\/28\/maltempo-scatta-lallerta-rossa-in-sicilia\/","title":{"rendered":"Maltempo, scatta l\u2019allerta rossa in Sicilia"},"content":{"rendered":"<div>\n<p>ROMA (ITALPRESS) \u2013 Il profondo minimo barico, attualmente presente a est dell\u2019isola di Malta, tende \u2013 come annunciato nell\u2019avviso meteo di ieri \u2013 a risalire verso le coste ioniche di Sicilia e Calabria meridionale, determinando una nuova fase di maltempo nel Sud Italia. Sulla base delle previsioni disponibili, il Dipartimento della Protezione Civile d\u2019intesa con le regioni coinvolte \u2013 alle quali spetta l\u2019attivazione dei sistemi di protezione civile nei territori interessati \u2013 ha emesso un ulteriore avviso di condizioni meteorologiche avverse, che integra ed estende il precedente, ancora in corso di validit\u00e0. L\u2019avviso prevede dalle prime ore di venerd\u00ec 29 ottobre, precipitazioni sparse, anche a carattere di rovescio o temporale sulla Calabria, in particolare sui settori meridionali. I fenomeni saranno accompagnati da rovesci di forte intensit\u00e0, locali grandinate, frequente attivit\u00e0 elettrica e forti raffiche di vento. Sulla base dei fenomeni previsti e in atto \u00e8 stata valutata per venerd\u00ec 29 allerta rossa su parte della Sicilia, allerta arancione sui settori meridionali della Calabria e su settori della Sicilia e allerta gialla sulle restanti aree della Sicilia e sulle zone centrali della Calabria.<br \/>\n(ITALPRESS).<div id=\"div-gpt-ad-Messinaoggi.it-DSK-300x250-corpoart\" style=\"text-align:center;margin:0 auto;\"><\/div><\/p>\n<\/div>\n<div id=\"videoincontent\" style=\"clear:both\";><\/div>","protected":false},"excerpt":{"rendered":"<p>ROMA (ITALPRESS) \u2013 Il profondo minimo barico, attualmente presente a est dell\u2019isola di Malta, tende \u2013 come annunciato nell\u2019avviso meteo di ieri \u2013 a risalire verso le coste ioniche di Sicilia e Calabria meridionale, determinando una nuova fase di maltempo nel Sud Italia. Sulla base delle previsioni disponibili, il Dipartimento della Protezione Civile d\u2019intesa con [&hellip;]<\/p>\n","protected":false},"author":18,"featured_media":85288,"comment_status":"closed","ping_status":"closed","sticky":false,"template":"","format":"standard","meta":{"ub_ctt_via":"","_mi_skip_tracking":false},"categories":[19,2449],"tags":[3320,783,2851,150,3349],"featured_image_src":"https:\/\/www.messinaoggi.it\/website\/wp-content\/uploads\/2021\/10\/20211028_1741.jpg","author_info":{"display_name":"Admin","author_link":"https:\/\/www.messinaoggi.it\/website\/author\/admin\/"},"digistream_id":0,"digistream":false,"_links":{"self":[{"href":"https:\/\/www.messinaoggi.it\/website\/wp-json\/wp\/v2\/posts\/85287"}],"collection":[{"href":"https:\/\/www.messinaoggi.it\/website\/wp-json\/wp\/v2\/posts"}],"about":[{"href":"https:\/\/www.messinaoggi.it\/website\/wp-json\/wp\/v2\/types\/post"}],"author":[{"embeddable":true,"href":"https:\/\/www.messinaoggi.it\/website\/wp-json\/wp\/v2\/users\/18"}],"replies":[{"embeddable":true,"href":"https:\/\/www.messinaoggi.it\/website\/wp-json\/wp\/v2\/comments?post=85287"}],"version-history":[{"count":1,"href":"https:\/\/www.messinaoggi.it\/website\/wp-json\/wp\/v2\/posts\/85287\/revisions"}],"predecessor-version":[{"id":85289,"href":"https:\/\/www.messinaoggi.it\/website\/wp-json\/wp\/v2\/posts\/85287\/revisions\/85289"}],"wp:featuredmedia":[{"embeddable":true,"href":"https:\/\/www.messinaoggi.it\/website\/wp-json\/wp\/v2\/media\/85288"}],"wp:attachment":[{"href":"https:\/\/www.messinaoggi.it\/website\/wp-json\/wp\/v2\/media?parent=85287"}],"wp:term":[{"taxonomy":"category","embeddable":true,"href":"https:\/\/www.messinaoggi.it\/website\/wp-json\/wp\/v2\/categories?post=85287"},{"taxonomy":"post_tag","embeddable":true,"href":"https:\/\/www.messinaoggi.it\/website\/wp-json\/wp\/v2\/tags?post=85287"}],"curies":[{"name":"wp","href":"https:\/\/api.w.org\/{rel}","templated":true}]}}