{"id":85283,"date":"2021-10-28T16:07:32","date_gmt":"2021-10-28T14:07:32","guid":{"rendered":"https:\/\/www.messinaoggi.it\/website\/2021\/10\/28\/lega-fi-difendiamo-il-maggioritario-strategia-comune-sul-quirinale\/"},"modified":"2021-10-28T16:23:59","modified_gmt":"2021-10-28T14:23:59","slug":"lega-fi-difendiamo-il-maggioritario-strategia-comune-sul-quirinale","status":"publish","type":"post","link":"https:\/\/www.messinaoggi.it\/website\/2021\/10\/28\/lega-fi-difendiamo-il-maggioritario-strategia-comune-sul-quirinale\/","title":{"rendered":"Lega-FI \u201cDifendiamo il maggioritario, strategia comune sul Quirinale\u201d"},"content":{"rendered":"<div>ROMA (ITALPRESS) &#8211; La riunione tra Silvio Berlusconi, Matteo Salvini e la delegazione dei ministri di Forza Italia e della Lega, con i quattro capigruppo, si \u00e8 conclusa &#8220;con l&#8217;impegno ad un maggiore coordinamento delle attivit\u00e0 della delegazione al Governo e dei gruppi Parlamentari. Tra gli obiettivi, la difesa del sistema elettorale maggioritario e una strategia comune sul Quirinale&#8221;. E&#8217; quanto si legge in una nota congiunta di Lega e Forza Italia.<br \/>Per la legge di Stabilit\u00e0 i due partiti chiederanno &#8220;un impegno ulteriore a supporto delle partite Iva e di chi ha sofferto maggiormente in questi anni di pandemia. L&#8217;incontro tra Lega e Forza Italia avr\u00e0 cadenza periodica e sar\u00e0 replicato nelle prossime settimane &#8211; prosegue la nota -. Berlusconi e Salvini hanno chiesto di procedere il pi\u00f9 velocemente possibile ad individuare i candidati per le prossime elezioni Amministrative, ovviamente coinvolgendo gli altri partiti di centrodestra a partire da Fratelli d&#8217;Italia&#8221;.<br \/>(ITALPRESS).<\/div>\n<div id=\"div-gpt-ad-Messinaoggi.it-DSK-300x250-corpoart\" style=\"text-align:center;margin:0 auto;\"><\/div><\/p><div id=\"videoincontent\" style=\"clear:both\";><\/div>","protected":false},"excerpt":{"rendered":"<p>ROMA (ITALPRESS) &#8211; La riunione tra Silvio Berlusconi, Matteo Salvini e la delegazione dei ministri di Forza Italia e della Lega, con i quattro capigruppo, si \u00e8 conclusa &#8220;con l&#8217;impegno ad un maggiore coordinamento delle attivit\u00e0 della delegazione al Governo e dei gruppi Parlamentari. Tra gli obiettivi, la difesa del sistema elettorale maggioritario e una [&hellip;]<\/p>\n","protected":false},"author":18,"featured_media":85284,"comment_status":"closed","ping_status":"closed","sticky":false,"template":"","format":"standard","meta":{"ub_ctt_via":"","_mi_skip_tracking":false},"categories":[446,4],"tags":[783],"featured_image_src":"https:\/\/www.messinaoggi.it\/website\/wp-content\/uploads\/2021\/10\/20211028_1608.jpg","author_info":{"display_name":"Admin","author_link":"https:\/\/www.messinaoggi.it\/website\/author\/admin\/"},"digistream_id":0,"digistream":false,"_links":{"self":[{"href":"https:\/\/www.messinaoggi.it\/website\/wp-json\/wp\/v2\/posts\/85283"}],"collection":[{"href":"https:\/\/www.messinaoggi.it\/website\/wp-json\/wp\/v2\/posts"}],"about":[{"href":"https:\/\/www.messinaoggi.it\/website\/wp-json\/wp\/v2\/types\/post"}],"author":[{"embeddable":true,"href":"https:\/\/www.messinaoggi.it\/website\/wp-json\/wp\/v2\/users\/18"}],"replies":[{"embeddable":true,"href":"https:\/\/www.messinaoggi.it\/website\/wp-json\/wp\/v2\/comments?post=85283"}],"version-history":[{"count":1,"href":"https:\/\/www.messinaoggi.it\/website\/wp-json\/wp\/v2\/posts\/85283\/revisions"}],"predecessor-version":[{"id":85290,"href":"https:\/\/www.messinaoggi.it\/website\/wp-json\/wp\/v2\/posts\/85283\/revisions\/85290"}],"wp:featuredmedia":[{"embeddable":true,"href":"https:\/\/www.messinaoggi.it\/website\/wp-json\/wp\/v2\/media\/85284"}],"wp:attachment":[{"href":"https:\/\/www.messinaoggi.it\/website\/wp-json\/wp\/v2\/media?parent=85283"}],"wp:term":[{"taxonomy":"category","embeddable":true,"href":"https:\/\/www.messinaoggi.it\/website\/wp-json\/wp\/v2\/categories?post=85283"},{"taxonomy":"post_tag","embeddable":true,"href":"https:\/\/www.messinaoggi.it\/website\/wp-json\/wp\/v2\/tags?post=85283"}],"curies":[{"name":"wp","href":"https:\/\/api.w.org\/{rel}","templated":true}]}}