{"id":85235,"date":"2021-10-28T12:32:33","date_gmt":"2021-10-28T10:32:33","guid":{"rendered":"https:\/\/www.messinaoggi.it\/website\/2021\/10\/28\/festival-delle-letterature-migranti-concerto-in-cappella-palatina\/"},"modified":"2021-10-28T12:32:33","modified_gmt":"2021-10-28T10:32:33","slug":"festival-delle-letterature-migranti-concerto-in-cappella-palatina","status":"publish","type":"post","link":"https:\/\/www.messinaoggi.it\/website\/2021\/10\/28\/festival-delle-letterature-migranti-concerto-in-cappella-palatina\/","title":{"rendered":"Festival delle Letterature Migranti, concerto in Cappella Palatina"},"content":{"rendered":"<div>\n<p>PALERMO (ITALPRESS) \u2013 Un evento eccezionale in Cappella Palatina a Palazzo Reale di Palermo dove si \u00e8 tenuto un concerto nell\u2019ambito della Sezione Musica del VII Festival delle Letterature Migranti, che ha dedicato questa edizione alla figura femminile. Il concerto \u00e8 stato fortemente voluto dalla Fondazione Federico II, presieduta da Gianfranco Miccich\u00e8 e diretta da Patrizia Monterosso, ed \u00e8 stato realizzato grazie alla collaborazione tra Fondazione Federico II, Festival delle Letterature Migranti (diretto da Davide Camarrone) e Il Conservatorio \u201cAlessandro Scarlatti\u201d di Palermo, con la direzione artistica di Dario Oliveri.<br \/>Nel luogo simbolo dell\u2019incontro tra diverse culture, il concerto \u00e8 stato un omaggio a tre compositrici appartenenti a culture, religioni ed epoche diverse: Isabella Leonarda (Novara 1620 \u2013 1704), Franghiz Ali-Zadeh (Baku, Arzebaijan, 1947) e Ornella Cerniglia (Palermo 1981). <br \/>Le musiche sono state eseguite da Ornella Cerniglia (tastiera digitale e synth) e l\u2019Ensemble di Musica antica del Conservatorio \u201cAlessandro Scarlatti\u201d. Il repertorio si \u00e8 incentrato sul tema del rapporto fra l\u2019antico e il moderno. Il concerto \u00e8 stato trasmesso anche in diretta streaming audio.<br \/>Una scelta, in particolare quella delle opere della compositrice e musicologa dell\u2019Azerbaigian, integrata perfettamente in quello che rappresenta il luogo di principale interesse all\u2019interno del percorso arabo-normanno dichiarato Patrimonio dell\u2019Umanit\u00e0. Nel 2008 Franghiz Ali-Zadeh \u00e8 stata nominata, infatti, \u201cArtista per la Pace\u201d dall\u2019Unesco.<br \/>Il 29 ottobre, alle 17.30, invece, all\u2019Oratorio di Sant\u2019Elena e Costantino, sede della Fondazione Federico II, sempre per la sezione musica del Festival delle Letterature Migranti, si terr\u00e0 un seminario che rende omaggio al lavoro dell\u2019antropologa Elsa Guggino, nell\u2019approssimarsi del 50\u00b0 anniversario della fondazione del Folk-Studio di Palermo. <br \/>L\u2019incontro sar\u00e0 coordinato da Sergio Bonazinga (Universit\u00e0 di Palermo) e incentrato sull\u2019idea di tracciare una storia dell\u2019indagine sulle musiche di tradizione orale in Sicilia, ponendo al tempo stesso le premesse per una maggiore conoscenza di tale repertorio da parte dei compositori e compositrici siciliani.  <br \/>(ITALPRESS).<div id=\"div-gpt-ad-Messinaoggi.it-DSK-300x250-corpoart\" style=\"text-align:center;margin:0 auto;\"><\/div><\/p>\n<\/div>\n<div id=\"videoincontent\" style=\"clear:both\";><\/div>","protected":false},"excerpt":{"rendered":"<p>PALERMO (ITALPRESS) \u2013 Un evento eccezionale in Cappella Palatina a Palazzo Reale di Palermo dove si \u00e8 tenuto un concerto nell\u2019ambito della Sezione Musica del VII Festival delle Letterature Migranti, che ha dedicato questa edizione alla figura femminile. Il concerto \u00e8 stato fortemente voluto dalla Fondazione Federico II, presieduta da Gianfranco Miccich\u00e8 e diretta da [&hellip;]<\/p>\n","protected":false},"author":18,"featured_media":85236,"comment_status":"closed","ping_status":"closed","sticky":false,"template":"","format":"standard","meta":{"ub_ctt_via":"","_mi_skip_tracking":false},"categories":[2449],"tags":[783],"featured_image_src":"https:\/\/www.messinaoggi.it\/website\/wp-content\/uploads\/2021\/10\/20211028_0405.jpg","author_info":{"display_name":"Admin","author_link":"https:\/\/www.messinaoggi.it\/website\/author\/admin\/"},"digistream_id":0,"digistream":false,"_links":{"self":[{"href":"https:\/\/www.messinaoggi.it\/website\/wp-json\/wp\/v2\/posts\/85235"}],"collection":[{"href":"https:\/\/www.messinaoggi.it\/website\/wp-json\/wp\/v2\/posts"}],"about":[{"href":"https:\/\/www.messinaoggi.it\/website\/wp-json\/wp\/v2\/types\/post"}],"author":[{"embeddable":true,"href":"https:\/\/www.messinaoggi.it\/website\/wp-json\/wp\/v2\/users\/18"}],"replies":[{"embeddable":true,"href":"https:\/\/www.messinaoggi.it\/website\/wp-json\/wp\/v2\/comments?post=85235"}],"version-history":[{"count":0,"href":"https:\/\/www.messinaoggi.it\/website\/wp-json\/wp\/v2\/posts\/85235\/revisions"}],"wp:featuredmedia":[{"embeddable":true,"href":"https:\/\/www.messinaoggi.it\/website\/wp-json\/wp\/v2\/media\/85236"}],"wp:attachment":[{"href":"https:\/\/www.messinaoggi.it\/website\/wp-json\/wp\/v2\/media?parent=85235"}],"wp:term":[{"taxonomy":"category","embeddable":true,"href":"https:\/\/www.messinaoggi.it\/website\/wp-json\/wp\/v2\/categories?post=85235"},{"taxonomy":"post_tag","embeddable":true,"href":"https:\/\/www.messinaoggi.it\/website\/wp-json\/wp\/v2\/tags?post=85235"}],"curies":[{"name":"wp","href":"https:\/\/api.w.org\/{rel}","templated":true}]}}