{"id":85213,"date":"2021-10-28T10:29:12","date_gmt":"2021-10-28T08:29:12","guid":{"rendered":"http:\/\/www.messinaoggi.it\/website\/?p=85213"},"modified":"2021-10-28T10:29:15","modified_gmt":"2021-10-28T08:29:15","slug":"maltempo-confesercenti-sostiene-gli-imprenditori","status":"publish","type":"post","link":"https:\/\/www.messinaoggi.it\/website\/2021\/10\/28\/maltempo-confesercenti-sostiene-gli-imprenditori\/","title":{"rendered":"Maltempo, Confesercenti sostiene gli imprenditori"},"content":{"rendered":"\n<p>Finanziamenti solidali, fino a 50mila euro, per gli imprenditori siciliani e, in particolare catanesi, che hanno subito ingenti danni alla propria attivit\u00e0 a causa del maltempo che negli ultimi due giorni ha flagellato l&#8217;isola.\u00a0E&#8217; l&#8217;aiuto messo in campo da Confesercenti.\u00a0&#8220;Siamo alle persone e alle imprese colpite dall&#8217;ondata di maltempo che ha coinvolto soprattutto la Sicilia e Catania in particolare &#8211; si legge in una nota &#8211; E proprio per sostenere un graduale e rapido ritorno alla normalit\u00e0, Confesercenti mette a disposizione, <strong>Messina<\/strong>\u00a0e il presidente di Confesercenti area metropolitana di Catania Claudio Miceli &#8211; sono gi\u00e0 al lavoro per raccogliere segnalazioni e offrire supporto e informazioni all&#8217;utenza.\u00a0La prossima settimana illustreremo le modalit\u00e0 di attivazione del finanziamento solidale anche attraverso una conferenza stampa cos\u00ec da dare massima diffusione all&#8217;iniziativa e poter essere d&#8217;aiuto a chi ha bisogno di liquidit\u00e0 per far ripartire la propria attivit\u00e0&#8221;.<div id=\"div-gpt-ad-Messinaoggi.it-DSK-300x250-corpoart\" style=\"text-align:center;margin:0 auto;\"><\/div><\/p>\n<div id=\"videoincontent\" style=\"clear:both\";><\/div>","protected":false},"excerpt":{"rendered":"<p>Finanziamenti solidali, fino a 50mila euro, per gli imprenditori siciliani e, in particolare catanesi, che hanno subito ingenti danni alla propria attivit\u00e0 a causa del maltempo che negli ultimi due giorni ha flagellato l&#8217;isola.\u00a0E&#8217; l&#8217;aiuto messo in campo da Confesercenti.\u00a0&#8220;Siamo alle persone e alle imprese colpite dall&#8217;ondata di maltempo che ha coinvolto soprattutto la Sicilia [&hellip;]<\/p>\n","protected":false},"author":2,"featured_media":85009,"comment_status":"open","ping_status":"open","sticky":false,"template":"","format":"standard","meta":{"ub_ctt_via":"","_mi_skip_tracking":false},"categories":[5],"tags":[3347,3346,1986,1025],"featured_image_src":"https:\/\/www.messinaoggi.it\/website\/wp-content\/uploads\/2021\/10\/F8F266C6-D19C-4CF8-ABA9-002B94E54A34.jpeg","author_info":{"display_name":"Redazione","author_link":"https:\/\/www.messinaoggi.it\/website\/author\/redazione\/"},"digistream_id":0,"digistream":false,"_links":{"self":[{"href":"https:\/\/www.messinaoggi.it\/website\/wp-json\/wp\/v2\/posts\/85213"}],"collection":[{"href":"https:\/\/www.messinaoggi.it\/website\/wp-json\/wp\/v2\/posts"}],"about":[{"href":"https:\/\/www.messinaoggi.it\/website\/wp-json\/wp\/v2\/types\/post"}],"author":[{"embeddable":true,"href":"https:\/\/www.messinaoggi.it\/website\/wp-json\/wp\/v2\/users\/2"}],"replies":[{"embeddable":true,"href":"https:\/\/www.messinaoggi.it\/website\/wp-json\/wp\/v2\/comments?post=85213"}],"version-history":[{"count":1,"href":"https:\/\/www.messinaoggi.it\/website\/wp-json\/wp\/v2\/posts\/85213\/revisions"}],"predecessor-version":[{"id":85214,"href":"https:\/\/www.messinaoggi.it\/website\/wp-json\/wp\/v2\/posts\/85213\/revisions\/85214"}],"wp:featuredmedia":[{"embeddable":true,"href":"https:\/\/www.messinaoggi.it\/website\/wp-json\/wp\/v2\/media\/85009"}],"wp:attachment":[{"href":"https:\/\/www.messinaoggi.it\/website\/wp-json\/wp\/v2\/media?parent=85213"}],"wp:term":[{"taxonomy":"category","embeddable":true,"href":"https:\/\/www.messinaoggi.it\/website\/wp-json\/wp\/v2\/categories?post=85213"},{"taxonomy":"post_tag","embeddable":true,"href":"https:\/\/www.messinaoggi.it\/website\/wp-json\/wp\/v2\/tags?post=85213"}],"curies":[{"name":"wp","href":"https:\/\/api.w.org\/{rel}","templated":true}]}}