{"id":85175,"date":"2021-10-28T00:47:41","date_gmt":"2021-10-27T22:47:41","guid":{"rendered":"https:\/\/www.messinaoggi.it\/website\/2021\/10\/27\/di-caro-anche-in-sicilia-m5s-insieme-al-pd-modello-conte-vincente\/"},"modified":"2021-10-28T10:27:24","modified_gmt":"2021-10-28T08:27:24","slug":"di-caro-anche-in-sicilia-m5s-insieme-al-pd-modello-conte-vincente","status":"publish","type":"post","link":"https:\/\/www.messinaoggi.it\/website\/2021\/10\/28\/di-caro-anche-in-sicilia-m5s-insieme-al-pd-modello-conte-vincente\/","title":{"rendered":"Di Caro \u201canche in Sicilia M5s insieme al Pd, modello Conte vincente\u201d"},"content":{"rendered":"<div>\n<p>PALERMO (ITALPRESS) \u2013 \u201cLaddove il M5S va in coalizione con le forze di centrosinistra vince, mentre dove va diviso accusa la forza elettorale delle forze politiche che sostengono il governo Musumeci, anche se devo dire che in questo passaggio i comuni del centrodestra che hanno visto vincitori i sindaci sono davvero pochi\u201d. Cos\u00ec, in merito alle ultime elezioni amministrative, Giovanni Di Caro, capogruppo del M5S all\u2019Assemblea Regionale Siciliana. Intervistato dall\u2019Agenzia Italpress, Di Caro, sempre restando in tema dei comuni siciliani andati al voto, sottolinea la \u201cnetta vittoria della coalizione PD-M5S, contro le forze politiche che sostengono Musumeci. In alcuni casi si sono uniti, in altri si sono divisi ma in entrambi i casi hanno perso le elezioni amministrative. E\u2019 una risposta che il territorio d\u00e0 a una politica governativa deludente del centrodestra siciliano\u201d. <br \/>Nelle scorse settimane l\u2019incontro con il presidente del M5S, l\u2019ex premier, Giuseppe Conte, accompagnato in diversi comuni che successivamente sono andati alle urne: \u201cAbbiamo incontrato Conte a Catania e lo abbiamo accompagnato durante il tour che ha fatto per le amministrative. Ogni Comune che ha trovato la presenza del presidente Conte nel 99% dei casi ha vinto le amministrative. Questo testimonia che il modello cosiddetto Conte \u00e8 vincente. Gli abbiamo chiesto e fatto presente di avere bisogno di un coordinamento regionale e lui ha manifestato di essere d\u2019accordo. Ed a cascata di avere i vari coordinamenti provinciali e locali per dare una struttura finalmente solida al M5S\u201d.<br \/>Tra i temi di attualit\u00e0, nel corso delle sedute Ars, sicuramente anche quello relativo al maltempo che ha colpito parte della Sicilia. Per Di Caro c\u2019\u00e8 un errore di programmazione e visione: \u201cNon si tratta pi\u00f9 di eventi atmosferici straordinari, ogni anno, a ridosso della fine del mese di ottobre, accadono questo tipo di fenomeni\u201d, evidenzia il capogruppo del M5S al\u2019Ars, che punta il dito sulla \u201cassoluta mancanza di pianificazione, soprattutto durante i mesi estivi, e mi riferisco alla banale pulitura delle caditoie, alla manutenzione ordinaria e straordinaria degli alberi o alle misure minime necessarie a contrastare questi tipi di fenomeni che si sono gi\u00e0 verificati in passato, come la tragedia che ha visto morire diverse persone a Casteldaccia qualche anno fa. Alla luce di questo manca una pianificazione, sia su base regionale che in alcuni comuni che registrano carenze dal punto di vista economico-finanziario ma anche meramente gestionale. Le citt\u00e0 sono sempre pi\u00f9 isolate dal punto di vista idrico, i fenomeni aumentano in maniera intensa e i risultati li vediamo ogni qualvolta che si verificano questi fenomeni con allagamenti al limite del disastro, con purtroppo morti che ci fanno riflettere molto sul fatto che si potevano evitare con una pianificazione pi\u00f9 accorta\u201d. <br \/>La Regione Siciliana ha diversi obiettivi da raggiungere, soprattuto in termini di progetti per accedere a fondi europei e PNRR: \u201cLe novit\u00e0 purtroppo non sono allegre per un governo regionale che si \u00e8 fatto respingere 422 milioni di euro per i finanziamenti a valere sul PNRR per quanto riguarda agricoltura e irrigazione del settore agricolo \u2013 ricorda Di Caro -. Ancora una volta c\u2019\u00e8 una carenza dal punto di vista burocratico, una lentezza politica e poi si perdono i finanziamenti. Ma non solo i 422 milioni di euro, perch\u00e8 a quanto pare sui rifiuti stanno per arrivare altre brutte notizie perch\u00e8 la base progettuale del governo Musumeci era totalmente fuori tema e mi sto riferendo ai termovalorizzatori che non verranno finanziati sul PNRR e tante, purtroppo, altre brutte notizie che vedranno scadere dei bandi o vedranno delle bocciature di questi finanziamenti. Noi abbiamo fatto presente al governo regionale i problemi che sta causando: all\u2019inizio hanno provato a chiedere le dimissioni del ministro Patuanelli, poi hanno capito quali erano le loro colpe e attraverso l\u2019assessore Scilla sono andati a Roma, innanzitutto a chiedere scusa, e poi quali potevano salvare e il ministro \u00e8 venuto incontro alle istanze dei siciliani salvando 8 progetti\u201d.<br \/>Infine, uno sguardo al prossimo anno con degli impegni elettorali importanti, come l\u2019elezione del nuovo sindaco di Palermo e, poi, del nuovo presidente della Regione Siciliana: \u201cCi ritroviamo in Assemblea Regionale Siciliana all\u2019opposizione di questo governo regionale, stiamo cominciando a discutere di una coalizione per le prossime elezioni regionali. Lo scenario, auspicabilmente, sar\u00e0 quello che vede unito il M5S, il PD e altre forze che in questa legislatura si sono opposte, o per meglio dire hanno fatto parte della minoranza o non sono state rappresentate all\u2019interno dell\u2019Ars ma si sono comunque opposte al governo Musumeci, e stiamo cercando di tracciare un perimetro dentro il quale i vari attori troveranno degli spazi di interlocuzione per fare una campagna elettorale e dare un\u2019alternativa ai siciliani, che \u00e8 l\u2019alternativa ad un governo che noi abbiamo definito \u2018del null\u00e0\u201d. <br \/>\u201cL\u2019allenza col PD \u00e8 stretta e si proseguir\u00e0 insieme, cercando di individuare delle figure che possano portare avanti una candidatura comune \u2013 aggiunge -. Avremo voce in capitolo nell\u2019andare a determinare chi potrebbe essere un nostro candidato che ovviamente dovr\u00e0 essere concertato in un\u2019ottica di coalizione. E\u2019 inutile oggi parlare del candidato sindaco della forza politica singola se non si ha un minimo di concertazione e in questo stiamo lavorando. Ovvio che Leoluca Orlando non ha lavorato bene per Palermo, questo \u00e8 un dato purtroppo oggettivo, dobbiamo prenderne atto come dovr\u00e0 prenderne atto chi si sieder\u00e0 al tavolo della coalizione per determinare chi sar\u00e0 il candidato unico del centrosinistra cos\u00ec come speriamo. Il programma dovr\u00e0 essere cucito sui palermitani e sulle istanze della citt\u00e0. E\u2019 ovvio il riferimento speculare alle regionali, cos\u00ec come \u00e8 auspicabile il fatto che ci sia un parallelo tra le elezioni a Palermo e nelle altre citt\u00e0 che andranno al voto\u201d, conclude Di Caro.<br \/>(ITALPRESS).<div id=\"div-gpt-ad-Messinaoggi.it-DSK-300x250-corpoart\" style=\"text-align:center;margin:0 auto;\"><\/div><\/p>\n<\/div>\n<div id=\"videoincontent\" style=\"clear:both\";><\/div>","protected":false},"excerpt":{"rendered":"<p>PALERMO (ITALPRESS) \u2013 \u201cLaddove il M5S va in coalizione con le forze di centrosinistra vince, mentre dove va diviso accusa la forza elettorale delle forze politiche che sostengono il governo Musumeci, anche se devo dire che in questo passaggio i comuni del centrodestra che hanno visto vincitori i sindaci sono davvero pochi\u201d. Cos\u00ec, in merito [&hellip;]<\/p>\n","protected":false},"author":18,"featured_media":85176,"comment_status":"closed","ping_status":"closed","sticky":false,"template":"","format":"standard","meta":{"ub_ctt_via":"","_mi_skip_tracking":false},"categories":[11,2449],"tags":[783],"featured_image_src":"https:\/\/www.messinaoggi.it\/website\/wp-content\/uploads\/2021\/10\/20211027_2285.jpg","author_info":{"display_name":"Admin","author_link":"https:\/\/www.messinaoggi.it\/website\/author\/admin\/"},"digistream_id":0,"digistream":false,"_links":{"self":[{"href":"https:\/\/www.messinaoggi.it\/website\/wp-json\/wp\/v2\/posts\/85175"}],"collection":[{"href":"https:\/\/www.messinaoggi.it\/website\/wp-json\/wp\/v2\/posts"}],"about":[{"href":"https:\/\/www.messinaoggi.it\/website\/wp-json\/wp\/v2\/types\/post"}],"author":[{"embeddable":true,"href":"https:\/\/www.messinaoggi.it\/website\/wp-json\/wp\/v2\/users\/18"}],"replies":[{"embeddable":true,"href":"https:\/\/www.messinaoggi.it\/website\/wp-json\/wp\/v2\/comments?post=85175"}],"version-history":[{"count":1,"href":"https:\/\/www.messinaoggi.it\/website\/wp-json\/wp\/v2\/posts\/85175\/revisions"}],"predecessor-version":[{"id":85212,"href":"https:\/\/www.messinaoggi.it\/website\/wp-json\/wp\/v2\/posts\/85175\/revisions\/85212"}],"wp:featuredmedia":[{"embeddable":true,"href":"https:\/\/www.messinaoggi.it\/website\/wp-json\/wp\/v2\/media\/85176"}],"wp:attachment":[{"href":"https:\/\/www.messinaoggi.it\/website\/wp-json\/wp\/v2\/media?parent=85175"}],"wp:term":[{"taxonomy":"category","embeddable":true,"href":"https:\/\/www.messinaoggi.it\/website\/wp-json\/wp\/v2\/categories?post=85175"},{"taxonomy":"post_tag","embeddable":true,"href":"https:\/\/www.messinaoggi.it\/website\/wp-json\/wp\/v2\/tags?post=85175"}],"curies":[{"name":"wp","href":"https:\/\/api.w.org\/{rel}","templated":true}]}}