{"id":85142,"date":"2021-10-27T16:08:25","date_gmt":"2021-10-27T14:08:25","guid":{"rendered":"https:\/\/www.messinaoggi.it\/website\/2021\/10\/27\/al-cinema-e-su-rai1-carla-il-film-sulla-fracci\/"},"modified":"2021-10-27T16:08:25","modified_gmt":"2021-10-27T14:08:25","slug":"al-cinema-e-su-rai1-carla-il-film-sulla-fracci","status":"publish","type":"post","link":"https:\/\/www.messinaoggi.it\/website\/2021\/10\/27\/al-cinema-e-su-rai1-carla-il-film-sulla-fracci\/","title":{"rendered":"Al cinema e su Rai1 \u201cCarla\u201d, il film sulla Fracci"},"content":{"rendered":"<div>ROMA (ITALPRESS) &#8211; Non ha voluto fare commenti sul film &#8220;Carla&#8221; (che, dopo tre giorni nelle sale, dall&#8217;8 al 10 novembre, arriver\u00e0 su Raiuno il 5 dicembre) ma le sue poche parole hanno commosso tutti i presenti alla conferenza stampa di presentazione che si \u00e8 svolta questa mattina al Teatro alla Scala di Milano: \u00abSono estremamente emozionato e sono felice soprattutto per Carla che oggi avrebbe pianto di gioia\u00bb ha detto Beppe Menegatti, il marito di Carla Fracci. Liberamente ispirato all&#8217;autobiografia della Fracci &#8220;Passo dopo passo &#8211; La mia storia&#8221; (a cura di Enrico Rotelli) e realizzato con la consulenza della stessa \u00e8toile, di Menegatti e della loro collaboratrice storica Luisa Graziadei, il film ripercorre il percorso umano e professionale di quella che il New York Times defin\u00ec nel 1981 &#8220;prima ballerina assoluta&#8221;. Il racconto, girato tra Roma, Orvieto e Milano (dove il Teatro alla Scala ha aperto per la prima volta le porte alla produzione di una fiction), parte dalla storia di Carla bambina nell&#8217;immediato dopoguerra, poi adolescente e giovane donna nella Milano degli anni Cinquanta e Sessanta, e ne racconta l&#8217;ascesa al successo e la difficile scelta di diventare mamma in un momento cruciale della sua carriera. Ad interpretare Carla Fracci \u00e8 Alessandra Mastronardi: \u00abE&#8217; stata un&#8217;emozione indescrivibile e un lavoro estremamente impegnativo anche solo nell&#8217;indossare le scarpette per me che vengo dall&#8217;atletica e dalla ginnastica artistica &#8211; dice l&#8217;attrice &#8211; Ho fatto ore e ore di preparazione, inizialmente da sola e seguita su zoom da una coreografa che mi ha insegnato a stare dritta e a camminare. A casa non avevo una sbarra e cos\u00ec facevo gli esercizi di danza con un asse da stiro. Poi, quando siamo entrati in sala, tutti hanno avuto una grande pazienza con me che ero un piccolo caso umano. Ho vissuto in simbiosi con Susanna Salvi, la mia controfigura\u00bb. La Mastronardi ricorda il primo incontro con la Fracci su Zoom: \u00abAvevamo iniziato appena le riprese. Le chiesi che tipo di messaggio voleva uscisse dal film, su che cosa dovevo calcare, e lei mi rispose la forza e la seriet\u00e0 degli esercizi, della preparazione e dell&#8217;impegno\u00bb. Carla Fracci \u00e8 andata anche alla Scala durante le riprese: \u00abNoi ballavamo sul palco e lei era dietro le quinte, il contrario di quello che accade di solito. Quando ci siamo girati e l&#8217;abbiamo vista sul set \u00e8 caduto un silenzio reverenziale. Poi, tra un ciak e l&#8217;altro, lei \u00e8 andata vicino a un carrello dei macchinisti e ha iniziato a fare esercizi alla sbarra. Era pi\u00f9 forte di lei!\u00bb. Per<br \/>Maria Pia Ammirati, direttrice di Rai Fiction, \u00abquesto film non \u00e8 un santino ma la vita vera di una donna straordinaria che ha vissuto pi\u00f9 di 50 anni sul palcoscenico mondiale. Non vedremo solo un&#8217;artista ma la vita di Carla che ha sconfitto il pregiudizio sostanziale. E cio\u00e8, che un&#8217;artista non pu\u00f2 essere una donna e viceversa, che queste due anime non possono coesistere\u00bb. Con lei, la produttrice Gloria Giorgianni: \u00ab&#8221;Carla&#8221; \u00e8 il racconto di una grande artista contemporanea. Una donna che ha rappresentato l&#8217;eccellenza, il talento, la perseveranza e che ci insegna che il successo si ottiene solo lavorando tanto, senza smettere mai di crederci. Questo deve arrivare alle nuove generazioni. Anche la produttrice ha un ricordo della Fracci durante le riprese: \u00abStavamo girando la scena dello Schiaccianoci alla Scala e lei mi ha detto: &#8220;Lo sa che questa \u00e8 la prima volta che salgo su questo palco e non ballo?&#8221;\u00bb. &#8220;Carla&#8221; \u00e8 una produzione Rai Fiction &#8211; Anele. La regia \u00e8 di Emanuele Imbucci. Nel cast ci sono, tra gli altri, Leo Dussollier (Rudolf Nureyev), Euridice Axen (Esmee Buln\u00e8s) ed Elena Cotta (la nonna di Carla). Il film sar\u00e0 proiettato questa sera in anteprima proprio al Teatro alla Scala.<br \/>(ITALPRESS).<\/div>\n<div id=\"div-gpt-ad-Messinaoggi.it-DSK-300x250-corpoart\" style=\"text-align:center;margin:0 auto;\"><\/div><\/p><div id=\"videoincontent\" style=\"clear:both\";><\/div>","protected":false},"excerpt":{"rendered":"<p>ROMA (ITALPRESS) &#8211; Non ha voluto fare commenti sul film &#8220;Carla&#8221; (che, dopo tre giorni nelle sale, dall&#8217;8 al 10 novembre, arriver\u00e0 su Raiuno il 5 dicembre) ma le sue poche parole hanno commosso tutti i presenti alla conferenza stampa di presentazione che si \u00e8 svolta questa mattina al Teatro alla Scala di Milano: \u00abSono [&hellip;]<\/p>\n","protected":false},"author":18,"featured_media":85143,"comment_status":"closed","ping_status":"closed","sticky":false,"template":"","format":"standard","meta":{"ub_ctt_via":"","_mi_skip_tracking":false},"categories":[446],"tags":[783],"featured_image_src":"https:\/\/www.messinaoggi.it\/website\/wp-content\/uploads\/2021\/10\/20211027_1463-700x486-1.jpg","author_info":{"display_name":"Admin","author_link":"https:\/\/www.messinaoggi.it\/website\/author\/admin\/"},"digistream_id":0,"digistream":false,"_links":{"self":[{"href":"https:\/\/www.messinaoggi.it\/website\/wp-json\/wp\/v2\/posts\/85142"}],"collection":[{"href":"https:\/\/www.messinaoggi.it\/website\/wp-json\/wp\/v2\/posts"}],"about":[{"href":"https:\/\/www.messinaoggi.it\/website\/wp-json\/wp\/v2\/types\/post"}],"author":[{"embeddable":true,"href":"https:\/\/www.messinaoggi.it\/website\/wp-json\/wp\/v2\/users\/18"}],"replies":[{"embeddable":true,"href":"https:\/\/www.messinaoggi.it\/website\/wp-json\/wp\/v2\/comments?post=85142"}],"version-history":[{"count":0,"href":"https:\/\/www.messinaoggi.it\/website\/wp-json\/wp\/v2\/posts\/85142\/revisions"}],"wp:featuredmedia":[{"embeddable":true,"href":"https:\/\/www.messinaoggi.it\/website\/wp-json\/wp\/v2\/media\/85143"}],"wp:attachment":[{"href":"https:\/\/www.messinaoggi.it\/website\/wp-json\/wp\/v2\/media?parent=85142"}],"wp:term":[{"taxonomy":"category","embeddable":true,"href":"https:\/\/www.messinaoggi.it\/website\/wp-json\/wp\/v2\/categories?post=85142"},{"taxonomy":"post_tag","embeddable":true,"href":"https:\/\/www.messinaoggi.it\/website\/wp-json\/wp\/v2\/tags?post=85142"}],"curies":[{"name":"wp","href":"https:\/\/api.w.org\/{rel}","templated":true}]}}