{"id":85138,"date":"2021-10-27T16:08:03","date_gmt":"2021-10-27T14:08:03","guid":{"rendered":"https:\/\/www.messinaoggi.it\/website\/2021\/10\/27\/spalletti-facciamo-la-corsa-su-noi-stessi-insigne-sta-bene\/"},"modified":"2021-10-27T16:08:03","modified_gmt":"2021-10-27T14:08:03","slug":"spalletti-facciamo-la-corsa-su-noi-stessi-insigne-sta-bene","status":"publish","type":"post","link":"https:\/\/www.messinaoggi.it\/website\/2021\/10\/27\/spalletti-facciamo-la-corsa-su-noi-stessi-insigne-sta-bene\/","title":{"rendered":"Spalletti \u201cFacciamo la corsa su noi stessi, Insigne sta bene\u201d"},"content":{"rendered":"<div>NAPOLI (ITALPRESS) &#8211; Scendere in campo conoscendo i risultati delle dirette rivali \u00e8 &#8220;uno stimolo in pi\u00f9, non una pressione superiore. Se stiamo facendo bene o male non ce lo devono dire i risultati degli avversari ma le nostre prestazioni. Dobbiamo fare la corsa su noi stessi, non ci deve interessare se gli altri hanno vinto o meno&#8221;. Luciano Spalletti invita il Napoli a guardare avanti. Domani gli azzurri scenderanno in campo al &#8220;Maradona&#8221; contro il Bologna, gi\u00e0 sapendo che dovranno vincere se vorranno tenere il passo del Milan. &#8220;Ma bisogna cercare di vincere per dare continuit\u00e0, per dare un senso al nostro campionato &#8211; commenta il tecnico di Certaldo &#8211; Non sar\u00e0 facile perch\u00e8 davanti troviamo una squadra con il ghigno, perch\u00e8 il suo allenatore \u00e8 fatto cos\u00ec, in cui ha messo mano Walter Sabatini e che contro il Milan \u00e8 riuscita a risalire fino al 2-2 in inferiorit\u00e0 numerica. Un&#8217;altra squadra, sotto di due gol e in dieci, avrebbe smesso di lottare. Dovremo mettere dentro tutte le nostre qualit\u00e0 per venire a capo di questa partita. Insigne? Sta bene, non ha dato sintomi di nessun genere. In questa settimana ha rifatto vedere le sue giocate, il suo marchio di fabbrica&#8221;. Spalletti sar\u00e0 assente per squalifica dopo l&#8217;espulsione rimediata in Roma-Napoli. Da Gasperini e Mihajlovic \u00e8 partito l&#8217;invito agli arbitri a un maggiore dialogo. &#8220;Non so se ci vorr\u00e0 un ulteriore confronto con gli arbitri, a inizio stagione ho detto che lamentarsi \u00e8 da sfigati e cos\u00ec anche per le decisioni degli arbitri che possono sembrare sfavorevoli. Dobbiamo trasformare ogni evento possibile in uno stimolo. In merito all&#8217;espulsione di domenica, non sono stato n\u00e8 ironico n\u00e8 irrispettoso, ho cercato solo di dire quello che volevo. Vorr\u00e0 dire che dovr\u00f2 stare pi\u00f9 attento nei miei modi di dire le cose, cercher\u00f2 di essere pi\u00f9 chiaro in quello che voglio dire al direttore di gara. La Var a chiamata? Potrebbe essere interessante ma le societ\u00e0 dovrebbero organizzarsi e avere un professionista che si occupa di quello, un ex arbitro, un ex guardalinee dentro le societ\u00e0 che si prende la responsabilit\u00e0 di usare quella chiamata, oltre a una telecamera sempre sulla palla che gli consenta di seguire tutto&#8221;, aggiunge Spalletti.<br \/>(ITALPRESS).<\/div>\n<div id=\"div-gpt-ad-Messinaoggi.it-DSK-300x250-corpoart\" style=\"text-align:center;margin:0 auto;\"><\/div><\/p><div id=\"videoincontent\" style=\"clear:both\";><\/div>","protected":false},"excerpt":{"rendered":"<p>NAPOLI (ITALPRESS) &#8211; Scendere in campo conoscendo i risultati delle dirette rivali \u00e8 &#8220;uno stimolo in pi\u00f9, non una pressione superiore. Se stiamo facendo bene o male non ce lo devono dire i risultati degli avversari ma le nostre prestazioni. Dobbiamo fare la corsa su noi stessi, non ci deve interessare se gli altri hanno [&hellip;]<\/p>\n","protected":false},"author":18,"featured_media":85139,"comment_status":"closed","ping_status":"closed","sticky":false,"template":"","format":"standard","meta":{"ub_ctt_via":"","_mi_skip_tracking":false},"categories":[446],"tags":[783],"featured_image_src":"https:\/\/www.messinaoggi.it\/website\/wp-content\/uploads\/2021\/10\/20211027_1003.jpg","author_info":{"display_name":"Admin","author_link":"https:\/\/www.messinaoggi.it\/website\/author\/admin\/"},"digistream_id":0,"digistream":false,"_links":{"self":[{"href":"https:\/\/www.messinaoggi.it\/website\/wp-json\/wp\/v2\/posts\/85138"}],"collection":[{"href":"https:\/\/www.messinaoggi.it\/website\/wp-json\/wp\/v2\/posts"}],"about":[{"href":"https:\/\/www.messinaoggi.it\/website\/wp-json\/wp\/v2\/types\/post"}],"author":[{"embeddable":true,"href":"https:\/\/www.messinaoggi.it\/website\/wp-json\/wp\/v2\/users\/18"}],"replies":[{"embeddable":true,"href":"https:\/\/www.messinaoggi.it\/website\/wp-json\/wp\/v2\/comments?post=85138"}],"version-history":[{"count":0,"href":"https:\/\/www.messinaoggi.it\/website\/wp-json\/wp\/v2\/posts\/85138\/revisions"}],"wp:featuredmedia":[{"embeddable":true,"href":"https:\/\/www.messinaoggi.it\/website\/wp-json\/wp\/v2\/media\/85139"}],"wp:attachment":[{"href":"https:\/\/www.messinaoggi.it\/website\/wp-json\/wp\/v2\/media?parent=85138"}],"wp:term":[{"taxonomy":"category","embeddable":true,"href":"https:\/\/www.messinaoggi.it\/website\/wp-json\/wp\/v2\/categories?post=85138"},{"taxonomy":"post_tag","embeddable":true,"href":"https:\/\/www.messinaoggi.it\/website\/wp-json\/wp\/v2\/tags?post=85138"}],"curies":[{"name":"wp","href":"https:\/\/api.w.org\/{rel}","templated":true}]}}