{"id":85119,"date":"2021-10-27T13:47:32","date_gmt":"2021-10-27T11:47:32","guid":{"rendered":"https:\/\/www.messinaoggi.it\/website\/2021\/10\/27\/pecoraro-scanio-si-scusi-chi-nel-2007-nego-allarme-clima\/"},"modified":"2021-10-27T13:47:32","modified_gmt":"2021-10-27T11:47:32","slug":"pecoraro-scanio-si-scusi-chi-nel-2007-nego-allarme-clima","status":"publish","type":"post","link":"https:\/\/www.messinaoggi.it\/website\/2021\/10\/27\/pecoraro-scanio-si-scusi-chi-nel-2007-nego-allarme-clima\/","title":{"rendered":"Pecoraro Scanio \u201csi scusi chi nel 2007 neg\u00f2 allarme clima\u201d"},"content":{"rendered":"<div>\n<p>ROMA (ITALPRESS) \u2013 \u201cE\u2019 triste per me constatare quanto avessimo ragione e quanto sia stato criminale perdere 14 anni per fare quel piano di adattamento ai cambiamenti climatici che proponemmo allora. Serviva proprio per evitare i morti e limitare i danni.<br \/>Dovrebbero vergognarsi e scusarsi coloro che allora insultarono me e gli scienziati che per oltre un anno avevano lavorato alla conferenza sul clima pi\u00f9 partecipata della storia del nostro Paese\u201d. Cos\u00ec, alla luce di quanto sta accadendo in questi giorni a Catania, Alfonso Pecoraro Scanio, che esattamente 14 anni fa, nel settembre 2007, da Ministro dell\u2019Ambiente con una grande conferenza sul clima lanci\u00f2 l\u2019allarme per il surriscaldamento del mediterraneo con rischio di bombe d\u2019acqua e cicloni.<br \/>\u201cLe lobby dei fossili non avevano digerito il taglio dei sussidi del Cip6 per petrolieri e inceneritori\u201d, sottolinea, aggiungendo: \u201cUn vero Ministro dell\u2019Ambiente indipendente in Italia non ha vita facile ma l\u2019aggressione contro la conferenza sul clima nasceva anche dalla volont\u00e0 di eliminare me e i verdi che nei sondaggi erano finalmente in crescita. Un partito verde indipendente come lo avevo pensato io era malvisto innanzitutto dai miei alleati, infatti Bersani ministro dell\u2019industria ribadiva che il carbone era centrale e Veltroni nel 2008 volle rompere la coalizione per cacciare verdi e sinistra pur rischiando di consegnare il Paese al centrodestra come poi avvenne\u201d. In merito al conto energia sul solare, dichiara \u201cquel mio provvedimento del febbraio 2007 allora era sottovalutato o osteggiato. La Enel di allora mi faceva dossier contro publicati in copertina di settimanali diffusi. La Enel di oggi mi ha invece ringraziato perch\u00e8 quelle mie politiche l\u2019hanno spinta a divenire leader delle rinnovabili. Ma sul clima ancora molti sottovalutano il grave cambiamento in atto\u201d. <br \/>Adesso, prosegue: \u201cVedo un governo assente sui luoghi del disastro e in particolare in Sicilia e Calabria che sono regioni di frontiera per questa grave crisi climatica. Questa estate incendi devastanti e temperatura roventi dall\u2019Aspromonte agli Iblei. Ora uragano e alluvioni eppure non si vede un ministro sul posto. Mi aspetto che creino strumenti e norme nuove adeguate alla crisi in atto\u201d. \u201cSui temi ambientali sono tutti Green a parole \u2013 sottolinea \u2013 ma le azioni sono spesso incoerenti. Ecco perch\u00e8 ho promosso una rete di attivisti e consiglieri Ecodigital. Certo in parlamento la senatrice De Petris \u00e8 stata la pi\u00f9 coerente nelle azioni ecologiste e cos\u00ec molti Cinque stelle. Confido che Conte dia al M5S una pi\u00f9 forte connotazione Ecodigital nel senso di quelle transizioni ecologica e digitale per cui da premier ottenne i fondi del Pnrr\u201d.<br \/>(ITALPRESS).<div id=\"div-gpt-ad-Messinaoggi.it-DSK-300x250-corpoart\" style=\"text-align:center;margin:0 auto;\"><\/div><\/p>\n<\/div>\n<div id=\"videoincontent\" style=\"clear:both\";><\/div>","protected":false},"excerpt":{"rendered":"<p>ROMA (ITALPRESS) \u2013 \u201cE\u2019 triste per me constatare quanto avessimo ragione e quanto sia stato criminale perdere 14 anni per fare quel piano di adattamento ai cambiamenti climatici che proponemmo allora. Serviva proprio per evitare i morti e limitare i danni.Dovrebbero vergognarsi e scusarsi coloro che allora insultarono me e gli scienziati che per oltre [&hellip;]<\/p>\n","protected":false},"author":18,"featured_media":85120,"comment_status":"closed","ping_status":"closed","sticky":false,"template":"","format":"standard","meta":{"ub_ctt_via":"","_mi_skip_tracking":false},"categories":[2449],"tags":[783],"featured_image_src":"https:\/\/www.messinaoggi.it\/website\/wp-content\/uploads\/2021\/10\/20211027_0694.jpg","author_info":{"display_name":"Admin","author_link":"https:\/\/www.messinaoggi.it\/website\/author\/admin\/"},"digistream_id":0,"digistream":false,"_links":{"self":[{"href":"https:\/\/www.messinaoggi.it\/website\/wp-json\/wp\/v2\/posts\/85119"}],"collection":[{"href":"https:\/\/www.messinaoggi.it\/website\/wp-json\/wp\/v2\/posts"}],"about":[{"href":"https:\/\/www.messinaoggi.it\/website\/wp-json\/wp\/v2\/types\/post"}],"author":[{"embeddable":true,"href":"https:\/\/www.messinaoggi.it\/website\/wp-json\/wp\/v2\/users\/18"}],"replies":[{"embeddable":true,"href":"https:\/\/www.messinaoggi.it\/website\/wp-json\/wp\/v2\/comments?post=85119"}],"version-history":[{"count":0,"href":"https:\/\/www.messinaoggi.it\/website\/wp-json\/wp\/v2\/posts\/85119\/revisions"}],"wp:featuredmedia":[{"embeddable":true,"href":"https:\/\/www.messinaoggi.it\/website\/wp-json\/wp\/v2\/media\/85120"}],"wp:attachment":[{"href":"https:\/\/www.messinaoggi.it\/website\/wp-json\/wp\/v2\/media?parent=85119"}],"wp:term":[{"taxonomy":"category","embeddable":true,"href":"https:\/\/www.messinaoggi.it\/website\/wp-json\/wp\/v2\/categories?post=85119"},{"taxonomy":"post_tag","embeddable":true,"href":"https:\/\/www.messinaoggi.it\/website\/wp-json\/wp\/v2\/tags?post=85119"}],"curies":[{"name":"wp","href":"https:\/\/api.w.org\/{rel}","templated":true}]}}