{"id":85095,"date":"2021-10-27T11:07:32","date_gmt":"2021-10-27T09:07:32","guid":{"rendered":"https:\/\/www.messinaoggi.it\/website\/2021\/10\/27\/vaccino-costa-terza-dose-su-ampliamento-platea-decida-scienza\/"},"modified":"2021-10-27T11:07:32","modified_gmt":"2021-10-27T09:07:32","slug":"vaccino-costa-terza-dose-su-ampliamento-platea-decida-scienza","status":"publish","type":"post","link":"https:\/\/www.messinaoggi.it\/website\/2021\/10\/27\/vaccino-costa-terza-dose-su-ampliamento-platea-decida-scienza\/","title":{"rendered":"Vaccino, Costa \u201cTerza dose? Su ampliamento platea decida scienza\u201d"},"content":{"rendered":"<div>ROMA (ITALPRESS) &#8211; Terza dose? &#8220;Questa \u00e8 una scelta che la politica fa in base a quelle che saranno le indicazioni scientifiche, mi auguro che questo non diventi argomento di dibattito politico e che tutta la politica sia compatta sulle indicazioni della scienza&#8221;. Lo dice il sottosegretario alla Salute Andrea Costa, intervenuto ai microfoni della trasmissione &#8220;L&#8217;Italia s&#8217;\u00e8 desta&#8221; condotta dal direttore Gianluca Fabi, Matteo Torrioli e Daniel Moretti su Radio Cusano Campus.<br \/>&#8220;Stiamo gi\u00e0 iniziando per i fragili e gli over 60, \u00e8 ipotizzabile che entro l&#8217;anno ci sia un allargamento della platea, ma attendiamo le indicazioni. Se temiamo che alcuni non vogliano farla? Dobbiamo affidarci al grande senso di responsabilit\u00e0 che i cittadini hanno ampiamente dimostrato. Dobbiamo assolutamente fare attenzione a non commettere errori sulla comunicazione, dobbiamo veicolare messaggi chiari, univoci, senza il rischio di non essere compresi e possiamo farlo se distinguiamo i ruoli. Ci sono scelte che spettano alla politica, in merito alla terza dose mi auguro che la politica faccia un passo di lato e che la scelta spetti alla comunit\u00e0 scientifica. Se cos\u00ec sar\u00e0, credo che i cittadini dimostreranno ancora una volta grande senso di responsabilit\u00e0&#8221;.<br \/>(ITALPRESS).<\/div>\n<div id=\"div-gpt-ad-Messinaoggi.it-DSK-300x250-corpoart\" style=\"text-align:center;margin:0 auto;\"><\/div><\/p><div id=\"videoincontent\" style=\"clear:both\";><\/div>","protected":false},"excerpt":{"rendered":"<p>ROMA (ITALPRESS) &#8211; Terza dose? &#8220;Questa \u00e8 una scelta che la politica fa in base a quelle che saranno le indicazioni scientifiche, mi auguro che questo non diventi argomento di dibattito politico e che tutta la politica sia compatta sulle indicazioni della scienza&#8221;. Lo dice il sottosegretario alla Salute Andrea Costa, intervenuto ai microfoni della [&hellip;]<\/p>\n","protected":false},"author":18,"featured_media":85096,"comment_status":"closed","ping_status":"closed","sticky":false,"template":"","format":"standard","meta":{"ub_ctt_via":"","_mi_skip_tracking":false},"categories":[446],"tags":[783],"featured_image_src":"https:\/\/www.messinaoggi.it\/website\/wp-content\/uploads\/2021\/10\/20211027_0192-700x486-1.jpg","author_info":{"display_name":"Admin","author_link":"https:\/\/www.messinaoggi.it\/website\/author\/admin\/"},"digistream_id":0,"digistream":false,"_links":{"self":[{"href":"https:\/\/www.messinaoggi.it\/website\/wp-json\/wp\/v2\/posts\/85095"}],"collection":[{"href":"https:\/\/www.messinaoggi.it\/website\/wp-json\/wp\/v2\/posts"}],"about":[{"href":"https:\/\/www.messinaoggi.it\/website\/wp-json\/wp\/v2\/types\/post"}],"author":[{"embeddable":true,"href":"https:\/\/www.messinaoggi.it\/website\/wp-json\/wp\/v2\/users\/18"}],"replies":[{"embeddable":true,"href":"https:\/\/www.messinaoggi.it\/website\/wp-json\/wp\/v2\/comments?post=85095"}],"version-history":[{"count":0,"href":"https:\/\/www.messinaoggi.it\/website\/wp-json\/wp\/v2\/posts\/85095\/revisions"}],"wp:featuredmedia":[{"embeddable":true,"href":"https:\/\/www.messinaoggi.it\/website\/wp-json\/wp\/v2\/media\/85096"}],"wp:attachment":[{"href":"https:\/\/www.messinaoggi.it\/website\/wp-json\/wp\/v2\/media?parent=85095"}],"wp:term":[{"taxonomy":"category","embeddable":true,"href":"https:\/\/www.messinaoggi.it\/website\/wp-json\/wp\/v2\/categories?post=85095"},{"taxonomy":"post_tag","embeddable":true,"href":"https:\/\/www.messinaoggi.it\/website\/wp-json\/wp\/v2\/tags?post=85095"}],"curies":[{"name":"wp","href":"https:\/\/api.w.org\/{rel}","templated":true}]}}