{"id":85091,"date":"2021-10-27T10:49:57","date_gmt":"2021-10-27T08:49:57","guid":{"rendered":"http:\/\/www.messinaoggi.it\/website\/?p=85091"},"modified":"2021-10-27T10:50:03","modified_gmt":"2021-10-27T08:50:03","slug":"abusi-su-due-ragazze-con-deficit-cognitivo-arrestato","status":"publish","type":"post","link":"https:\/\/www.messinaoggi.it\/website\/2021\/10\/27\/abusi-su-due-ragazze-con-deficit-cognitivo-arrestato\/","title":{"rendered":"Abusi su due ragazze con deficit cognitivo: arrestato"},"content":{"rendered":"\n<p>Avrebbe abusato sessualmente di due ragazze, di cui una minorenne, affette da deficit cognitivio. All\u2019alba di oggi, in esecuzione di un\u2019ordinanza di custodia cautelare agli arresti domiciliari emessa dal Gip del Tribunale di Enna su richiesta della locale Procura della Repubblica, i carabinieri della Compagnia di Mistretta hanno arrestato un giovane di Nicosia ritenuto responsabile di due distinti episodi di violenza sessuale aggravata.<div id=\"div-gpt-ad-Messinaoggi.it-DSK-300x250-corpoart\" style=\"text-align:center;margin:0 auto;\"><\/div><\/p>\n\n\n\n<p>L\u2019indagine scaturisce dalla segnalazione da parte di un dirigente di un istituto scolastico che aveva rappresentato ai Carabinieri di avere sospetti che una sua alunna, minore degli anni 18 ed affetta da deficit cognitivo, fosse stata vittima di abusi sessuali. Avviate le indagini, coordinate dal Sostituto Procuratore della Repubblica presso il Tribunale di Enna, dott.ssa Daniela Rapisarda, i Carabinieri del Nucleo Operativo e Radiomobile della Compagnia di Mistretta, coadiuvati da esperte psicologhe, hanno accertato che effettivamente il giovane aveva attirato, con l\u2019inganno, la minore sulla propria autovettura e, condotta in un luogo appartato, ne aveva abusato sessualmente.<div id=\"videoincontent\" style=\"clear:both\";><\/div><\/p>\n\n\n\n<p>La vicenda, gi\u00e0 drammatica di per s\u00e9, assumeva contorni ancora pi\u00f9 inquietanti quando i Carabinieri, nel corso dell\u2019attivit\u00e0 investigativa, accertavano che, verosimilmente, il giovane aveva abusato anche di una seconda ragazza anch\u2019essa affetta, da deficit cognitivo. I successivi riscontri effettuati dai Carabinieri, hanno confermato che il giovane aveva violentato, attirandola in un posto appartato, anche la seconda ragazza. Per timore, gli episodi di violenza sessuale non sono stati esternati dalle vittime alle rispettive famiglie. Accertati gli eventi delittuosi, il Pubblico Ministero titolare delle indagini, Dott.ssa Daniela Rapisarda, ha richiesto al G.I.P. presso il Tribunale di Enna, dott. Giuseppe Noto, una misura cautelare a carico del giovane.<\/p>\n\n\n\n<p>Il Giudice dopo aver accolto la richiesta del Pubblico Ministero ha disposto la misura della custodia cautelare degli arresti domiciliari a carico dell\u2019indagato, ritenuta idonea a fermare la \u201ctendenza dell\u2019indagato ad adescare vittime vulnerabili allo scopo di soddisfare le proprie pulsioni sessuali\u201d, che all\u2019alba di oggi \u00e8 stata eseguita dai Carabinieri della Compagnia di Mistretta.  Ultimate le formalit\u00e0 di rito, l\u2019arrestato \u00e8 stato condotto presso la propria abitazione in regime di arresti domiciliari a disposizione dell\u2019Autorit\u00e0 Giudiziaria.<\/p>\n","protected":false},"excerpt":{"rendered":"<p>Avrebbe abusato sessualmente di due ragazze, di cui una minorenne, affette da deficit cognitivio. All\u2019alba di oggi, in esecuzione di un\u2019ordinanza di custodia cautelare agli arresti domiciliari emessa dal Gip del Tribunale di Enna su richiesta della locale Procura della Repubblica, i carabinieri della Compagnia di Mistretta hanno arrestato un giovane di Nicosia ritenuto responsabile [&hellip;]<\/p>\n","protected":false},"author":8,"featured_media":44793,"comment_status":"open","ping_status":"open","sticky":false,"template":"","format":"standard","meta":{"ub_ctt_via":"","_mi_skip_tracking":false},"categories":[6],"tags":[3341],"featured_image_src":"https:\/\/www.messinaoggi.it\/website\/wp-content\/uploads\/2020\/06\/20200617-arresto-CC-Barcellona-P.G.-per-furto-aggravato.jpg","author_info":{"display_name":"red..me","author_link":"https:\/\/www.messinaoggi.it\/website\/author\/redstage\/"},"digistream_id":0,"digistream":false,"_links":{"self":[{"href":"https:\/\/www.messinaoggi.it\/website\/wp-json\/wp\/v2\/posts\/85091"}],"collection":[{"href":"https:\/\/www.messinaoggi.it\/website\/wp-json\/wp\/v2\/posts"}],"about":[{"href":"https:\/\/www.messinaoggi.it\/website\/wp-json\/wp\/v2\/types\/post"}],"author":[{"embeddable":true,"href":"https:\/\/www.messinaoggi.it\/website\/wp-json\/wp\/v2\/users\/8"}],"replies":[{"embeddable":true,"href":"https:\/\/www.messinaoggi.it\/website\/wp-json\/wp\/v2\/comments?post=85091"}],"version-history":[{"count":1,"href":"https:\/\/www.messinaoggi.it\/website\/wp-json\/wp\/v2\/posts\/85091\/revisions"}],"predecessor-version":[{"id":85092,"href":"https:\/\/www.messinaoggi.it\/website\/wp-json\/wp\/v2\/posts\/85091\/revisions\/85092"}],"wp:featuredmedia":[{"embeddable":true,"href":"https:\/\/www.messinaoggi.it\/website\/wp-json\/wp\/v2\/media\/44793"}],"wp:attachment":[{"href":"https:\/\/www.messinaoggi.it\/website\/wp-json\/wp\/v2\/media?parent=85091"}],"wp:term":[{"taxonomy":"category","embeddable":true,"href":"https:\/\/www.messinaoggi.it\/website\/wp-json\/wp\/v2\/categories?post=85091"},{"taxonomy":"post_tag","embeddable":true,"href":"https:\/\/www.messinaoggi.it\/website\/wp-json\/wp\/v2\/tags?post=85091"}],"curies":[{"name":"wp","href":"https:\/\/api.w.org\/{rel}","templated":true}]}}