{"id":8508,"date":"2017-09-27T09:22:59","date_gmt":"2017-09-27T07:22:59","guid":{"rendered":"http:\/\/www.messinaoggi.it\/website\/?p=8508"},"modified":"2017-09-27T09:22:59","modified_gmt":"2017-09-27T07:22:59","slug":"incidente-sul-cavalcavia-ferroviario-la-via-la-farina-nuovamente-in-tilt","status":"publish","type":"post","link":"https:\/\/www.messinaoggi.it\/website\/2017\/09\/27\/incidente-sul-cavalcavia-ferroviario-la-via-la-farina-nuovamente-in-tilt\/","title":{"rendered":"Incidente all&#039;imbocco del cavalcavia, via La Farina nuovamente in tilt"},"content":{"rendered":"<p>Un&#8217;altra mattinata infernale in via La Farina. Tutta colpa dell&#8217;ennesimo incidente che ha visto coinvolto un mezzo pesante, uno dei tanti che assediano la citt\u00e0 dello Stretto. Questa volta a scontrarsi \u00e8 stato un Tir che sul cavalcavia ferroviario \u00e8 entrato in collisione con un&#8217;autovettura.<br \/>\nLo scontro, avvenuto questa mattina intorno alle 7,30, ha causato inevitabili code che si sono protratte fino alla via La Farina e lungo le strade adiacenti alla stazione ferroviaria.<br \/>\nL&#8217;ora di punta ed il conseguente ingresso degli studenti nelle varie scuole cittadine ha causato la paralisi del traffico; stesse scene vissute ieri, sempre in via La Farina, quando un incidente che ha visto protagonista un motociclista ha mandato in tilt la viabilit\u00e0.<div id=\"div-gpt-ad-Messinaoggi.it-DSK-300x250-corpoart\" style=\"text-align:center;margin:0 auto;\"><\/div><\/p>\n<div id=\"videoincontent\" style=\"clear:both\";><\/div>","protected":false},"excerpt":{"rendered":"<p>Un&#8217;altra mattinata infernale in via La Farina. Tutta colpa dell&#8217;ennesimo incidente che ha visto coinvolto un mezzo pesante, uno dei tanti che assediano la citt\u00e0 dello Stretto. Questa volta a scontrarsi \u00e8 stato un Tir che sul cavalcavia ferroviario \u00e8 entrato in collisione con un&#8217;autovettura. Lo scontro, avvenuto questa mattina intorno alle 7,30, ha causato [&hellip;]<\/p>\n","protected":false},"author":2,"featured_media":8515,"comment_status":"closed","ping_status":"open","sticky":false,"template":"","format":"standard","meta":{"ub_ctt_via":"","_mi_skip_tracking":false},"categories":[6],"tags":[],"featured_image_src":"https:\/\/www.messinaoggi.it\/website\/wp-content\/uploads\/2017\/09\/22008040_10212716664265334_390472772421647887_n-2.jpg","author_info":{"display_name":"Redazione","author_link":"https:\/\/www.messinaoggi.it\/website\/author\/redazione\/"},"digistream_id":0,"digistream":false,"_links":{"self":[{"href":"https:\/\/www.messinaoggi.it\/website\/wp-json\/wp\/v2\/posts\/8508"}],"collection":[{"href":"https:\/\/www.messinaoggi.it\/website\/wp-json\/wp\/v2\/posts"}],"about":[{"href":"https:\/\/www.messinaoggi.it\/website\/wp-json\/wp\/v2\/types\/post"}],"author":[{"embeddable":true,"href":"https:\/\/www.messinaoggi.it\/website\/wp-json\/wp\/v2\/users\/2"}],"replies":[{"embeddable":true,"href":"https:\/\/www.messinaoggi.it\/website\/wp-json\/wp\/v2\/comments?post=8508"}],"version-history":[{"count":0,"href":"https:\/\/www.messinaoggi.it\/website\/wp-json\/wp\/v2\/posts\/8508\/revisions"}],"wp:featuredmedia":[{"embeddable":true,"href":"https:\/\/www.messinaoggi.it\/website\/wp-json\/wp\/v2\/media\/8515"}],"wp:attachment":[{"href":"https:\/\/www.messinaoggi.it\/website\/wp-json\/wp\/v2\/media?parent=8508"}],"wp:term":[{"taxonomy":"category","embeddable":true,"href":"https:\/\/www.messinaoggi.it\/website\/wp-json\/wp\/v2\/categories?post=8508"},{"taxonomy":"post_tag","embeddable":true,"href":"https:\/\/www.messinaoggi.it\/website\/wp-json\/wp\/v2\/tags?post=8508"}],"curies":[{"name":"wp","href":"https:\/\/api.w.org\/{rel}","templated":true}]}}