{"id":85079,"date":"2021-10-27T04:17:21","date_gmt":"2021-10-27T02:17:21","guid":{"rendered":"http:\/\/www.messinaoggi.it\/website\/?p=85079"},"modified":"2021-10-27T06:45:22","modified_gmt":"2021-10-27T04:45:22","slug":"scuola-sindacati-contro-de-luca-basta-giocare-sui-social-tuteli-i-cittadini","status":"publish","type":"post","link":"https:\/\/www.messinaoggi.it\/website\/2021\/10\/27\/scuola-sindacati-contro-de-luca-basta-giocare-sui-social-tuteli-i-cittadini\/","title":{"rendered":"Scuole chiuse. Sindacati contro De Luca: &#8220;Basta giocare sui social, tuteli i cittadini&#8221;"},"content":{"rendered":"\n<p>Scuole chiuse fino a venerd\u00ec, ma non per tutti. La presa di posizione del sindaco Cateno De Luca fa infuriare i sindacati. &#8220;Ancora una volta il sindaco gioca sui social invece di pensare a tutelare la  salute dei suoi cittadini nelle sedi istituzionali. Con l\u2019ordinanza n\u00b0244  &#8211; denunciano i sindacati &#8211; si dispone la chiusura di tutte le scuole tranne per gli asili nido e la scuola dell\u2019infanzia. Le bambine e i bambini, le alunne e gli alunni pi\u00f9 piccoli, i dirigenti scolastici, il corpo docente dell\u2019infanzia e il personale Ata per l\u2019ennesima volta vengono considerati cittadini e lavoratori di Serie B. La scuola dell\u2019infanzia non \u00e8 un parcheggio. La scuola non \u00e8 un servizio a domanda individuale. Si possono assecondare gli umori degli utenti di Facebook per prendere decisioni cos\u00ec importanti? Era gi\u00e0 successo nell\u2019agosto del 2018 quando si sospesero solo le attivit\u00e0 didattiche perch\u00e9 le scuole erano prive delle certificazioni antisismiche e dei certificati di conformit\u00e0 degli impianti elettrici. Se la finalit\u00e0 della suddetta ordinanza \u00e8 quella di tutelare la salute e la sicurezza dei cittadini, perch\u00e9 escludere una categoria di cittadini? Forse questi lavoratori e questi alunni sono immuni da eventuali pericoli? Vorremmo conoscere le ragioni di questa decisione che certamente influir\u00e0 negativamente sull\u2019organizzazione didattica e amministrativa delle scuole interessate alla chiusura. Come era gi\u00e0 successo nell\u2019autunno del 2020 le ordinanze del sindaco De Luca, invece di proteggere la salute e garantire la sicurezza dei cittadini, mettono in difficolt\u00e0 i dirigenti scolastici e il personale della scuola nella gestione delle attivit\u00e0 didattiche. Chiediamo, come OO.SS. del settore scuola, che vengano garantiti a tutti le stesse tutele e gli stessi diritti. Chiediamo, inoltre, l\u2019intervento del prefetto e delle istituzioni preposte affinch\u00e9 si facciano garanti della salute pubblica e della sicurezza degli alunni e dei lavoratori interessati.<div id=\"div-gpt-ad-Messinaoggi.it-DSK-300x250-corpoart\" style=\"text-align:center;margin:0 auto;\"><\/div><\/p>\n<div id=\"videoincontent\" style=\"clear:both\";><\/div>","protected":false},"excerpt":{"rendered":"<p>Scuole chiuse fino a venerd\u00ec, ma non per tutti. La presa di posizione del sindaco Cateno De Luca fa infuriare i sindacati. &#8220;Ancora una volta il sindaco gioca sui social invece di pensare a tutelare la salute dei suoi cittadini nelle sedi istituzionali. Con l\u2019ordinanza n\u00b0244 &#8211; denunciano i sindacati &#8211; si dispone la chiusura [&hellip;]<\/p>\n","protected":false},"author":4,"featured_media":74799,"comment_status":"open","ping_status":"open","sticky":false,"template":"","format":"standard","meta":{"ub_ctt_via":"","_mi_skip_tracking":false},"categories":[6],"tags":[126,586],"featured_image_src":"https:\/\/www.messinaoggi.it\/website\/wp-content\/uploads\/2021\/07\/asilo-san-licandro.jpeg","author_info":{"display_name":"redme","author_link":"https:\/\/www.messinaoggi.it\/website\/author\/redme\/"},"digistream_id":0,"digistream":false,"_links":{"self":[{"href":"https:\/\/www.messinaoggi.it\/website\/wp-json\/wp\/v2\/posts\/85079"}],"collection":[{"href":"https:\/\/www.messinaoggi.it\/website\/wp-json\/wp\/v2\/posts"}],"about":[{"href":"https:\/\/www.messinaoggi.it\/website\/wp-json\/wp\/v2\/types\/post"}],"author":[{"embeddable":true,"href":"https:\/\/www.messinaoggi.it\/website\/wp-json\/wp\/v2\/users\/4"}],"replies":[{"embeddable":true,"href":"https:\/\/www.messinaoggi.it\/website\/wp-json\/wp\/v2\/comments?post=85079"}],"version-history":[{"count":2,"href":"https:\/\/www.messinaoggi.it\/website\/wp-json\/wp\/v2\/posts\/85079\/revisions"}],"predecessor-version":[{"id":85081,"href":"https:\/\/www.messinaoggi.it\/website\/wp-json\/wp\/v2\/posts\/85079\/revisions\/85081"}],"wp:featuredmedia":[{"embeddable":true,"href":"https:\/\/www.messinaoggi.it\/website\/wp-json\/wp\/v2\/media\/74799"}],"wp:attachment":[{"href":"https:\/\/www.messinaoggi.it\/website\/wp-json\/wp\/v2\/media?parent=85079"}],"wp:term":[{"taxonomy":"category","embeddable":true,"href":"https:\/\/www.messinaoggi.it\/website\/wp-json\/wp\/v2\/categories?post=85079"},{"taxonomy":"post_tag","embeddable":true,"href":"https:\/\/www.messinaoggi.it\/website\/wp-json\/wp\/v2\/tags?post=85079"}],"curies":[{"name":"wp","href":"https:\/\/api.w.org\/{rel}","templated":true}]}}