{"id":85073,"date":"2021-10-27T04:02:39","date_gmt":"2021-10-27T02:02:39","guid":{"rendered":"http:\/\/www.messinaoggi.it\/website\/?p=85073"},"modified":"2021-10-27T04:03:41","modified_gmt":"2021-10-27T02:03:41","slug":"lo-giudice-riaprire-subito-almeno-una-corsia-della18","status":"publish","type":"post","link":"https:\/\/www.messinaoggi.it\/website\/2021\/10\/27\/lo-giudice-riaprire-subito-almeno-una-corsia-della18\/","title":{"rendered":"Lo Giudice: &#8220;Riaprire subito almeno una corsia dell&#8217;A18&#8221;"},"content":{"rendered":"\n<p>Con una lettera inviata ai vertici del Consorzio per le<br>Autostrade Siciliane, Danilo Lo Giudice ha chiesto che almeno una<br>corsia dell\u2019A18 nel tratto fra Roccalumera e Tremestieri<br>sia riaperta al transito \u201cperch\u00e9 la chiusura totale decisa in questi<br>giorni non \u00e8 sopportabile n\u00e9 per i pendolari n\u00e9 per l\u2019intasamento<br>determinato lungo i percorsi alternativi ed in particolare sulla<br>Statale, invasa da mezzi pesanti con la totale impossibilit\u00e0 di<br>intervento anche per i mezzi di soccorso, qualora ve ne fosse<br>bisogno.\u201d<br>Il deputato di Sicilia Vera sottolinea che la chiusura totale di 10<br>giorni decisa dal Cas \u201c\u00e8 insostenibile\u201d ed ha quindi di \u201criaprire in<br>tempi celerissimi almeno una carreggiata per restituire serenit\u00e0 ai<br>lavoratori e ai cittadini interessati e, soprattutto, per garantire le<br>necessarie vie di intervento per i mezzi di soccorso.\u201d<div id=\"div-gpt-ad-Messinaoggi.it-DSK-300x250-corpoart\" style=\"text-align:center;margin:0 auto;\"><\/div><\/p>\n<div id=\"videoincontent\" style=\"clear:both\";><\/div>","protected":false},"excerpt":{"rendered":"<p>Con una lettera inviata ai vertici del Consorzio per leAutostrade Siciliane, Danilo Lo Giudice ha chiesto che almeno unacorsia dell\u2019A18 nel tratto fra Roccalumera e Tremestierisia riaperta al transito \u201cperch\u00e9 la chiusura totale decisa in questigiorni non \u00e8 sopportabile n\u00e9 per i pendolari n\u00e9 per l\u2019intasamentodeterminato lungo i percorsi alternativi ed in particolare sullaStatale, invasa [&hellip;]<\/p>\n","protected":false},"author":4,"featured_media":28687,"comment_status":"open","ping_status":"open","sticky":false,"template":"","format":"standard","meta":{"ub_ctt_via":"","_mi_skip_tracking":false},"categories":[6],"tags":[575,1032],"featured_image_src":"https:\/\/www.messinaoggi.it\/website\/wp-content\/uploads\/2019\/01\/A18-spartitraffico-ricoperto-di-erbacce.jpg","author_info":{"display_name":"redme","author_link":"https:\/\/www.messinaoggi.it\/website\/author\/redme\/"},"digistream_id":0,"digistream":false,"_links":{"self":[{"href":"https:\/\/www.messinaoggi.it\/website\/wp-json\/wp\/v2\/posts\/85073"}],"collection":[{"href":"https:\/\/www.messinaoggi.it\/website\/wp-json\/wp\/v2\/posts"}],"about":[{"href":"https:\/\/www.messinaoggi.it\/website\/wp-json\/wp\/v2\/types\/post"}],"author":[{"embeddable":true,"href":"https:\/\/www.messinaoggi.it\/website\/wp-json\/wp\/v2\/users\/4"}],"replies":[{"embeddable":true,"href":"https:\/\/www.messinaoggi.it\/website\/wp-json\/wp\/v2\/comments?post=85073"}],"version-history":[{"count":1,"href":"https:\/\/www.messinaoggi.it\/website\/wp-json\/wp\/v2\/posts\/85073\/revisions"}],"predecessor-version":[{"id":85074,"href":"https:\/\/www.messinaoggi.it\/website\/wp-json\/wp\/v2\/posts\/85073\/revisions\/85074"}],"wp:featuredmedia":[{"embeddable":true,"href":"https:\/\/www.messinaoggi.it\/website\/wp-json\/wp\/v2\/media\/28687"}],"wp:attachment":[{"href":"https:\/\/www.messinaoggi.it\/website\/wp-json\/wp\/v2\/media?parent=85073"}],"wp:term":[{"taxonomy":"category","embeddable":true,"href":"https:\/\/www.messinaoggi.it\/website\/wp-json\/wp\/v2\/categories?post=85073"},{"taxonomy":"post_tag","embeddable":true,"href":"https:\/\/www.messinaoggi.it\/website\/wp-json\/wp\/v2\/tags?post=85073"}],"curies":[{"name":"wp","href":"https:\/\/api.w.org\/{rel}","templated":true}]}}