{"id":85024,"date":"2021-10-26T18:02:31","date_gmt":"2021-10-26T16:02:31","guid":{"rendered":"https:\/\/www.messinaoggi.it\/website\/2021\/10\/26\/confartigianato-trasporti-di-piazza-rieletto-presidente-regionale\/"},"modified":"2021-10-26T18:02:31","modified_gmt":"2021-10-26T16:02:31","slug":"confartigianato-trasporti-di-piazza-rieletto-presidente-regionale","status":"publish","type":"post","link":"https:\/\/www.messinaoggi.it\/website\/2021\/10\/26\/confartigianato-trasporti-di-piazza-rieletto-presidente-regionale\/","title":{"rendered":"Confartigianato Trasporti, Di Piazza rieletto presidente regionale"},"content":{"rendered":"<div>\n<p>PALERMO (ITALPRESS) \u2013 Salvatore Di Piazza, agrigentino di 51 anni, \u00e8 stato rieletto presidente regionale di Confartigianato Trasporti. Di Piazza \u00e8 gi\u00e0 presidente di Confartigianato Trasporti Agrigento. L\u2019elezione \u00e8 avvenuta questa mattina nel corso di un\u2019assemblea nei locali di Confartigianato Sicilia, alla quale hanno partecipato i presidenti provinciali della categoria, alla presenza anche di presidente e segretario della federazione, Giuseppe Pezzati e Andrea Di Vincenzo. Tra le questioni all\u2019attenzione della categoria regionale dei Trasporti, la formazione degli autotrasportatoti con la campagna \u201cGuidiamo sicuro\u201d finalizzata a far apprendere ai conducenti delle imprese di autotrasporto i comportamenti da tenere alla guida per garantire la sicurezza della circolazione stradale, prevenire le situazioni di pericolo, nonch\u00e8 adottare uno stile di guida eco sostenibile che consenta di risparmiare carburante e limitare l\u2019usura del veicolo.<br \/>C\u2019\u00e8 anche un altro tema che riguarda le imprese dei trasporti e che va attenzionato in particolar modo ed \u00e8 quello legato all\u2019aumento dei prezzi delle materie prime. Con il carburante pi\u00f9 caro, crescono anche i costi aziendali a fronte di contratti gi\u00e0 stipulati in precedenza.<br \/>\u201cIl nostro obiettivo \u00e8 quello di dialogare con tutti i nostri associati sul piano regionale \u2013 dice Di Piazza \u2013 cercando un confronto, proponendo soluzioni e cercando di facilitare le condizioni lavorative di un settore particolarmente strategico. Affronteremo anche i problemi legati alla concorrenza sleale ma anche alla mancanza di un cambio generazionale nella professione del conducente di automezzi pesanti\u201d.<br \/>(ITALPRESS).<div id=\"div-gpt-ad-Messinaoggi.it-DSK-300x250-corpoart\" style=\"text-align:center;margin:0 auto;\"><\/div><\/p>\n<\/div>\n<div id=\"videoincontent\" style=\"clear:both\";><\/div>","protected":false},"excerpt":{"rendered":"<p>PALERMO (ITALPRESS) \u2013 Salvatore Di Piazza, agrigentino di 51 anni, \u00e8 stato rieletto presidente regionale di Confartigianato Trasporti. Di Piazza \u00e8 gi\u00e0 presidente di Confartigianato Trasporti Agrigento. L\u2019elezione \u00e8 avvenuta questa mattina nel corso di un\u2019assemblea nei locali di Confartigianato Sicilia, alla quale hanno partecipato i presidenti provinciali della categoria, alla presenza anche di presidente [&hellip;]<\/p>\n","protected":false},"author":18,"featured_media":85025,"comment_status":"closed","ping_status":"closed","sticky":false,"template":"","format":"standard","meta":{"ub_ctt_via":"","_mi_skip_tracking":false},"categories":[2449],"tags":[783],"featured_image_src":"https:\/\/www.messinaoggi.it\/website\/wp-content\/uploads\/2021\/10\/20211026_1919.jpg","author_info":{"display_name":"Admin","author_link":"https:\/\/www.messinaoggi.it\/website\/author\/admin\/"},"digistream_id":0,"digistream":false,"_links":{"self":[{"href":"https:\/\/www.messinaoggi.it\/website\/wp-json\/wp\/v2\/posts\/85024"}],"collection":[{"href":"https:\/\/www.messinaoggi.it\/website\/wp-json\/wp\/v2\/posts"}],"about":[{"href":"https:\/\/www.messinaoggi.it\/website\/wp-json\/wp\/v2\/types\/post"}],"author":[{"embeddable":true,"href":"https:\/\/www.messinaoggi.it\/website\/wp-json\/wp\/v2\/users\/18"}],"replies":[{"embeddable":true,"href":"https:\/\/www.messinaoggi.it\/website\/wp-json\/wp\/v2\/comments?post=85024"}],"version-history":[{"count":0,"href":"https:\/\/www.messinaoggi.it\/website\/wp-json\/wp\/v2\/posts\/85024\/revisions"}],"wp:featuredmedia":[{"embeddable":true,"href":"https:\/\/www.messinaoggi.it\/website\/wp-json\/wp\/v2\/media\/85025"}],"wp:attachment":[{"href":"https:\/\/www.messinaoggi.it\/website\/wp-json\/wp\/v2\/media?parent=85024"}],"wp:term":[{"taxonomy":"category","embeddable":true,"href":"https:\/\/www.messinaoggi.it\/website\/wp-json\/wp\/v2\/categories?post=85024"},{"taxonomy":"post_tag","embeddable":true,"href":"https:\/\/www.messinaoggi.it\/website\/wp-json\/wp\/v2\/tags?post=85024"}],"curies":[{"name":"wp","href":"https:\/\/api.w.org\/{rel}","templated":true}]}}