{"id":8502,"date":"2017-09-27T08:24:08","date_gmt":"2017-09-27T06:24:08","guid":{"rendered":"http:\/\/www.messinaoggi.it\/website\/?p=8502"},"modified":"2017-09-27T08:24:08","modified_gmt":"2017-09-27T06:24:08","slug":"terza-circoscrizione-al-buio-consiglieri-chiedono-lumi-allamministrazione-comunale","status":"publish","type":"post","link":"https:\/\/www.messinaoggi.it\/website\/2017\/09\/27\/terza-circoscrizione-al-buio-consiglieri-chiedono-lumi-allamministrazione-comunale\/","title":{"rendered":"Terza Circoscrizione al buio, consiglieri chiedono&#8230; lumi all&#039;Amministrazione comunale"},"content":{"rendered":"<p>&#8220;Da parecchi mesi il territorio comunale, per competenza quello della Terza Circoscrizione, presenta gravissimi problemi legati alla pubblica illuminazione&#8221;: interrogazione congiunta\u00a0dei consiglieri alla Terza Circoscrizione facenti parte del Gruppo misto: Santina Di Giorgio, Alessandro Cacciotto, Mario Barresi, Nunzio Signorino, che contestano l&#8217;operato dell&#8217;Amministrazione comunale. &#8220;Non si contano le richieste d&#8217;intervento rimaste inevase, per intenderci anche il semplice cambio di una lampadina, che stanno mettendo seriamente in ginocchio i cittadini.<br \/>\nLa causa della mancanza di interventi, da quello che si evince, sarebbe da ricercare nell\u2019appalto pubblico ed in particolare sembrerebbe, dalle ultime dichiarazioni espresse dal Dirigente ai Lavori Pubblici, che domani, previa riapertura della gara per l\u2019aggiudicazione del servizio e l\u2019affidamento, l\u2019attivit\u00e0 manutentiva sarebbe pronta a ripartire.<br \/>\nNon c\u2019\u00e8 ombra di dubbio che un periodo cos\u00ec lungo, di impossibilit\u00e0 anche alla sostituzione di una semplice lampadina costituisce fatto assai grave, tenuto conto che Messina non \u00e8 un paesino di poche anime ma una citt\u00e0 che si fregia di essere citt\u00e0 metropolitana. I disservizi sono elevatissimi, per non parlare del pericolo sicurezza senza dimenticare i pericoli occupazionali.<br \/>\nGli scriventi, nella qualit\u00e0 di prima Istituzione a contatto con i cittadini, hanno in questo periodo raccolto lo sfogo amaro dei cittadini, soprattutto quelli delle periferie, stanchi di un totale abbandono da parte dell\u2019Amministrazione che evidentemente, pensa (sperando in una concretezza futura) ai lavori di lungo termine ma manca assolutamente nella ordinaria manutenzione.<br \/>\nTutto ci\u00f2 premesso, i sottoscritti consiglieri circoscrizionali interrogano le SS. LL. in indirizzo, ciascuna per la parte di competenza a voler urgentemente porre in essere tutto quanto necessario al fine di \u00a0riattivare il servizio manutentivo di pubblica illuminazione.<br \/>\nRiferire, con risposta scritta e allegata documentazione, le motivazioni riguardo i mancati interventi di pubblica illuminazione ed in particolare i ritardi nel conferimento dell\u2019appalto&#8221;.<div id=\"div-gpt-ad-Messinaoggi.it-DSK-300x250-corpoart\" style=\"text-align:center;margin:0 auto;\"><\/div><\/p>\n<div id=\"videoincontent\" style=\"clear:both\";><\/div>","protected":false},"excerpt":{"rendered":"<p>&#8220;Da parecchi mesi il territorio comunale, per competenza quello della Terza Circoscrizione, presenta gravissimi problemi legati alla pubblica illuminazione&#8221;: interrogazione congiunta\u00a0dei consiglieri alla Terza Circoscrizione facenti parte del Gruppo misto: Santina Di Giorgio, Alessandro Cacciotto, Mario Barresi, Nunzio Signorino, che contestano l&#8217;operato dell&#8217;Amministrazione comunale. &#8220;Non si contano le richieste d&#8217;intervento rimaste inevase, per intenderci anche [&hellip;]<\/p>\n","protected":false},"author":2,"featured_media":6299,"comment_status":"closed","ping_status":"open","sticky":false,"template":"","format":"standard","meta":{"ub_ctt_via":"","_mi_skip_tracking":false},"categories":[5],"tags":[],"featured_image_src":"https:\/\/www.messinaoggi.it\/website\/wp-content\/uploads\/2017\/08\/bisconte-2.jpg","author_info":{"display_name":"Redazione","author_link":"https:\/\/www.messinaoggi.it\/website\/author\/redazione\/"},"digistream_id":0,"digistream":false,"_links":{"self":[{"href":"https:\/\/www.messinaoggi.it\/website\/wp-json\/wp\/v2\/posts\/8502"}],"collection":[{"href":"https:\/\/www.messinaoggi.it\/website\/wp-json\/wp\/v2\/posts"}],"about":[{"href":"https:\/\/www.messinaoggi.it\/website\/wp-json\/wp\/v2\/types\/post"}],"author":[{"embeddable":true,"href":"https:\/\/www.messinaoggi.it\/website\/wp-json\/wp\/v2\/users\/2"}],"replies":[{"embeddable":true,"href":"https:\/\/www.messinaoggi.it\/website\/wp-json\/wp\/v2\/comments?post=8502"}],"version-history":[{"count":0,"href":"https:\/\/www.messinaoggi.it\/website\/wp-json\/wp\/v2\/posts\/8502\/revisions"}],"wp:featuredmedia":[{"embeddable":true,"href":"https:\/\/www.messinaoggi.it\/website\/wp-json\/wp\/v2\/media\/6299"}],"wp:attachment":[{"href":"https:\/\/www.messinaoggi.it\/website\/wp-json\/wp\/v2\/media?parent=8502"}],"wp:term":[{"taxonomy":"category","embeddable":true,"href":"https:\/\/www.messinaoggi.it\/website\/wp-json\/wp\/v2\/categories?post=8502"},{"taxonomy":"post_tag","embeddable":true,"href":"https:\/\/www.messinaoggi.it\/website\/wp-json\/wp\/v2\/tags?post=8502"}],"curies":[{"name":"wp","href":"https:\/\/api.w.org\/{rel}","templated":true}]}}