{"id":85014,"date":"2021-10-26T16:07:35","date_gmt":"2021-10-26T14:07:35","guid":{"rendered":"https:\/\/www.messinaoggi.it\/website\/2021\/10\/26\/sarri-alti-e-bassi-lazio-da-un-anno-e-mezzo\/"},"modified":"2021-10-26T16:07:35","modified_gmt":"2021-10-26T14:07:35","slug":"sarri-alti-e-bassi-lazio-da-un-anno-e-mezzo","status":"publish","type":"post","link":"https:\/\/www.messinaoggi.it\/website\/2021\/10\/26\/sarri-alti-e-bassi-lazio-da-un-anno-e-mezzo\/","title":{"rendered":"Sarri \u201cAlti e bassi Lazio da un anno e mezzo\u201d"},"content":{"rendered":"<div>ROMA (ITALPRESS) &#8211; Per risolvere un problema &#8220;\u00e8 necessario innanzitutto prenderne coscienza&#8221;. L&#8217;allenatore della Lazio, Maurizio Sarri, alla vigilia dell&#8217;infrasettimanale contro la Fiorentina, non si nasconde. La sua Lazio ha ancora problemi da risolvere e la disfatta di Verona li ha messi tutti in evidenza. &#8220;I nostri alti e bassi vanno avanti da un anno e mezzo, soprattutto con le squadre di seconda fascia. Ci deve portare a delle riflessioni, c&#8217;\u00e8 qualcosa che non va nell&#8217;approccio&#8221;, ha detto l&#8217;allenatore tirando in ballo anche la Lazio di Simone Inzaghi. Una Lazio diversa, che aveva come suo fulcro Luis Alberto, che con il tecnico toscano viene invece da tre panchine consecutive contro Inter, Marsiglia e Verona. Per Sarri non c&#8217;\u00e8 un caso sull&#8217;utilizzo dello spagnolo &#8220;che ha giocato 8 partite su 12 da titolare&#8221; ma ammette: &#8220;Parliamo di un giocatore importante. A volte per\u00f2 il bene del gruppo non coincide con quello del singolo&#8221;. Tradotto: Luis Alberto e Milinkovic-Savic potranno tornare a giocare insieme quando sar\u00e0 trovato un equilibrio che ancora manca. <br \/>Lo ribadisce poco dopo, senza citare lo spagnolo: &#8220;Ho giocatori che erano abituati a giocare con tre centrali e due esterni a tutta fascia mentre ora le mezzali hanno pi\u00f9 campo da coprire. Siamo la squadra che corre di pi\u00f9, ma dobbiamo farlo meglio o si corre a vuoto&#8221;. La classifica dei km percorsi vede infatti la Lazio in cima, davanti a Inter e Venezia. Primo posto anche nella graduatoria nella media per possesso palla: &#8220;L&#8217;efficienza tecnica della nostra squadra oscilla dal 93% all&#8217;87%. Dobbiamo essere pi\u00f9 umili, per diventare una grande squadra abbiamo bisogno di lavorare molto&#8221;, afferma Sarri che attende risposte dopo il ritiro di Formello, gi\u00e0 dalla partita contro la Fiorentina, &#8220;una squadra che sta facendo bene e che \u00e8 in crescita&#8221;. Pericolo numero 1 sar\u00e0 Vlahovic che sfider\u00e0 i rientranti Acerbi e Luiz Felipe: &#8220;Come Immobile \u00e8 un giocatore importante. Entrambi saranno decisivi per l&#8217;esito finale della gara&#8221;. L&#8217;attaccante azzurro former\u00e0 il tridente con Felipe Anderson e Pedro. A centrocampo Basic \u00e8 favorito, con buona pace di Luis Alberto.<br \/>(ITALPRESS).<\/div>\n<div id=\"div-gpt-ad-Messinaoggi.it-DSK-300x250-corpoart\" style=\"text-align:center;margin:0 auto;\"><\/div><\/p><div id=\"videoincontent\" style=\"clear:both\";><\/div>","protected":false},"excerpt":{"rendered":"<p>ROMA (ITALPRESS) &#8211; Per risolvere un problema &#8220;\u00e8 necessario innanzitutto prenderne coscienza&#8221;. L&#8217;allenatore della Lazio, Maurizio Sarri, alla vigilia dell&#8217;infrasettimanale contro la Fiorentina, non si nasconde. La sua Lazio ha ancora problemi da risolvere e la disfatta di Verona li ha messi tutti in evidenza. &#8220;I nostri alti e bassi vanno avanti da un anno [&hellip;]<\/p>\n","protected":false},"author":18,"featured_media":85015,"comment_status":"closed","ping_status":"closed","sticky":false,"template":"","format":"standard","meta":{"ub_ctt_via":"","_mi_skip_tracking":false},"categories":[446],"tags":[783],"featured_image_src":"https:\/\/www.messinaoggi.it\/website\/wp-content\/uploads\/2021\/10\/sarri_live_211016.jpg","author_info":{"display_name":"Admin","author_link":"https:\/\/www.messinaoggi.it\/website\/author\/admin\/"},"digistream_id":0,"digistream":false,"_links":{"self":[{"href":"https:\/\/www.messinaoggi.it\/website\/wp-json\/wp\/v2\/posts\/85014"}],"collection":[{"href":"https:\/\/www.messinaoggi.it\/website\/wp-json\/wp\/v2\/posts"}],"about":[{"href":"https:\/\/www.messinaoggi.it\/website\/wp-json\/wp\/v2\/types\/post"}],"author":[{"embeddable":true,"href":"https:\/\/www.messinaoggi.it\/website\/wp-json\/wp\/v2\/users\/18"}],"replies":[{"embeddable":true,"href":"https:\/\/www.messinaoggi.it\/website\/wp-json\/wp\/v2\/comments?post=85014"}],"version-history":[{"count":0,"href":"https:\/\/www.messinaoggi.it\/website\/wp-json\/wp\/v2\/posts\/85014\/revisions"}],"wp:featuredmedia":[{"embeddable":true,"href":"https:\/\/www.messinaoggi.it\/website\/wp-json\/wp\/v2\/media\/85015"}],"wp:attachment":[{"href":"https:\/\/www.messinaoggi.it\/website\/wp-json\/wp\/v2\/media?parent=85014"}],"wp:term":[{"taxonomy":"category","embeddable":true,"href":"https:\/\/www.messinaoggi.it\/website\/wp-json\/wp\/v2\/categories?post=85014"},{"taxonomy":"post_tag","embeddable":true,"href":"https:\/\/www.messinaoggi.it\/website\/wp-json\/wp\/v2\/tags?post=85014"}],"curies":[{"name":"wp","href":"https:\/\/api.w.org\/{rel}","templated":true}]}}