{"id":84990,"date":"2021-10-26T14:07:31","date_gmt":"2021-10-26T12:07:31","guid":{"rendered":"https:\/\/www.messinaoggi.it\/website\/2021\/10\/26\/vaccino-sileri-verosimile-la-terza-dose-per-tutti\/"},"modified":"2021-10-26T14:07:31","modified_gmt":"2021-10-26T12:07:31","slug":"vaccino-sileri-verosimile-la-terza-dose-per-tutti","status":"publish","type":"post","link":"https:\/\/www.messinaoggi.it\/website\/2021\/10\/26\/vaccino-sileri-verosimile-la-terza-dose-per-tutti\/","title":{"rendered":"Vaccino, Sileri \u201cVerosimile la terza dose per tutti\u201d"},"content":{"rendered":"<div>ROMA (ITALPRESS) &#8211; &#8220;Per chi ha fatto Johnson&amp;Johnson servir\u00e0 un richiamo in tempi molto brevi: a sei mesi dalla vaccinazione si inizier\u00e0 a procedere, tenendo in considerazione l&#8217;et\u00e0, ma verosimilmente una terza dose sar\u00e0 necessaria per tutti&#8221;. Cos\u00ec il sottosegretario alla Salute Pierpaolo Sileri, ospite a The Breakfast Club su Radio Capital. &#8220;Entro l&#8217;anno si proceder\u00e0 con la terza dose per anziani e personale sanitario, poi da gennaio il resto della popolazione, scaglionato in base a quando \u00e8 stata somministrata la prima e la seconda dose. L&#8217;Aifa pu\u00f2 accelerare questo percorso, ma \u00e8 auspicabile una scelta condivisa di tutta Europa: c&#8217;\u00e8 un boom di contagi in alcuni paesi europei, anche se possono sembrare paesi lontani, il rischio c&#8217;\u00e8 anche per noi, perch\u00e8 con l&#8217;aumento dei casi aumenta il rischio che si diffondano nuove varianti&#8221;, aggiunge.<br \/>&#8220;Il green pass obbligatorio lo toglieremo, ma non ora. Bisogna procedere per gradi. Prima toglieremo l&#8217;obbligo del distanziamento, poi le mascherine e infine il green pass. Il vaccino obbligatorio non servirebbe, non convincer\u00e0 i no vax a vaccinarsi&#8221;, sottolinea Sileri, che sul via libera al vaccino anti-Covid per i bambini afferma: &#8220;Dipender\u00e0 dagli enti regolatori, ma io a mio figlio lo farei senza dubbio&#8221;.<br \/>(ITALPRESS).<\/div>\n<div id=\"div-gpt-ad-Messinaoggi.it-DSK-300x250-corpoart\" style=\"text-align:center;margin:0 auto;\"><\/div><\/p><div id=\"videoincontent\" style=\"clear:both\";><\/div>","protected":false},"excerpt":{"rendered":"<p>ROMA (ITALPRESS) &#8211; &#8220;Per chi ha fatto Johnson&amp;Johnson servir\u00e0 un richiamo in tempi molto brevi: a sei mesi dalla vaccinazione si inizier\u00e0 a procedere, tenendo in considerazione l&#8217;et\u00e0, ma verosimilmente una terza dose sar\u00e0 necessaria per tutti&#8221;. Cos\u00ec il sottosegretario alla Salute Pierpaolo Sileri, ospite a The Breakfast Club su Radio Capital. &#8220;Entro l&#8217;anno si [&hellip;]<\/p>\n","protected":false},"author":18,"featured_media":84991,"comment_status":"closed","ping_status":"closed","sticky":false,"template":"","format":"standard","meta":{"ub_ctt_via":"","_mi_skip_tracking":false},"categories":[446],"tags":[783],"featured_image_src":"https:\/\/www.messinaoggi.it\/website\/wp-content\/uploads\/2021\/10\/20211026_0648.jpg","author_info":{"display_name":"Admin","author_link":"https:\/\/www.messinaoggi.it\/website\/author\/admin\/"},"digistream_id":0,"digistream":false,"_links":{"self":[{"href":"https:\/\/www.messinaoggi.it\/website\/wp-json\/wp\/v2\/posts\/84990"}],"collection":[{"href":"https:\/\/www.messinaoggi.it\/website\/wp-json\/wp\/v2\/posts"}],"about":[{"href":"https:\/\/www.messinaoggi.it\/website\/wp-json\/wp\/v2\/types\/post"}],"author":[{"embeddable":true,"href":"https:\/\/www.messinaoggi.it\/website\/wp-json\/wp\/v2\/users\/18"}],"replies":[{"embeddable":true,"href":"https:\/\/www.messinaoggi.it\/website\/wp-json\/wp\/v2\/comments?post=84990"}],"version-history":[{"count":0,"href":"https:\/\/www.messinaoggi.it\/website\/wp-json\/wp\/v2\/posts\/84990\/revisions"}],"wp:featuredmedia":[{"embeddable":true,"href":"https:\/\/www.messinaoggi.it\/website\/wp-json\/wp\/v2\/media\/84991"}],"wp:attachment":[{"href":"https:\/\/www.messinaoggi.it\/website\/wp-json\/wp\/v2\/media?parent=84990"}],"wp:term":[{"taxonomy":"category","embeddable":true,"href":"https:\/\/www.messinaoggi.it\/website\/wp-json\/wp\/v2\/categories?post=84990"},{"taxonomy":"post_tag","embeddable":true,"href":"https:\/\/www.messinaoggi.it\/website\/wp-json\/wp\/v2\/tags?post=84990"}],"curies":[{"name":"wp","href":"https:\/\/api.w.org\/{rel}","templated":true}]}}