{"id":84988,"date":"2021-10-26T13:07:35","date_gmt":"2021-10-26T11:07:35","guid":{"rendered":"https:\/\/www.messinaoggi.it\/website\/2021\/10\/26\/mattarella-determinazione-per-la-ripartenza-no-a-teorie-antiscientifiche\/"},"modified":"2021-10-26T13:07:35","modified_gmt":"2021-10-26T11:07:35","slug":"mattarella-determinazione-per-la-ripartenza-no-a-teorie-antiscientifiche","status":"publish","type":"post","link":"https:\/\/www.messinaoggi.it\/website\/2021\/10\/26\/mattarella-determinazione-per-la-ripartenza-no-a-teorie-antiscientifiche\/","title":{"rendered":"Mattarella \u201cDeterminazione per la ripartenza, no a teorie antiscientifiche\u201d"},"content":{"rendered":"<div>ROMA (ITALPRESS) &#8211; &#8220;La ripartenza \u00e8 una strada nuova. Dobbiamo percorrerla con determinazione e con speranza. Come \u00e8 accaduto in altri momenti della nostra storia, quando nel dopoguerra la ricostruzione \u00e8 cominciata dalle macerie, quando un nuovo modello sociale, pi\u00f9 capace di benessere, di opportunit\u00e0 e diritti, \u00e8 scaturito dal concorso di forze e di persone che quel benessere non l&#8217;avevano mai conosciuto. Possiamo avere fiducia in noi stessi. Perch\u00e8 abbiamo affrontato, insieme, una prova durissima. E siamo stati capaci di solidariet\u00e0, di senso civico, di responsabilit\u00e0, di dedizione al lavoro&#8221;. Lo ha detto il presidente della Repubblica Sergio Mattarella, nel suo intervento in occasione della cerimonia dei Cavalieri dell&#8217;Ordine &#8220;Al Merito del Lavoro&#8221;.<br \/>&#8220;Non possono prevalere i pochi che vogliono rumorosamente imporre le loro teorie antiscientifiche, che danno sfogo, talvolta, a una violenza insensata. Persino &#8211; come \u00e8 avvenuto pi\u00f9 volte &#8211; con la devastazione dei centri in cui i nostri concittadini si recano per essere vaccinati e sfuggire al pericolo del virus &#8211; ha sottolineato il capo dello Stato -. Gli italiani hanno dimostrato seriet\u00e0 e senso di appartenenza alla comunit\u00e0. E&#8217; grazie a loro che oggi registriamo una ripresa incoraggiante, tanto per la nostra economia quanto per la nostra vita sociale. La ricerca, i vaccini, i comportamenti responsabili ci hanno consentito di ritrovare spazi di libert\u00e0, di riprendere in mano le nostre vite. Le istituzioni hanno dimostrato di saper fare la propria parte. Le imprese, i servizi, il quotidiano impegno di donne e uomini, han fatto funzionare gli organi nevralgici della comunit\u00e0 e oggi siamo pronti ad aprirci alle sfide dell&#8217;innovazione&#8221;.<br \/>Quindi per Mattarella &#8220;dobbiamo fare adesso la nostra parte lungo la strada nuova che vogliamo intraprendere. Naturalmente \u00e8 necessario anzitutto non smarrire la prudenza e la responsabilit\u00e0 di fronte a un virus che siamo riusciti a frenare ma non ancora a sconfiggere definitivamente. Del resto, secondo le principali istituzioni finanziarie, l&#8217;eventuale ripresa della pandemia \u00e8 la maggiore fonte di rischio anche per la ripartenza&#8221;.<br \/>(ITALPRESS).<\/div>\n<div id=\"div-gpt-ad-Messinaoggi.it-DSK-300x250-corpoart\" style=\"text-align:center;margin:0 auto;\"><\/div><\/p><div id=\"videoincontent\" style=\"clear:both\";><\/div>","protected":false},"excerpt":{"rendered":"<p>ROMA (ITALPRESS) &#8211; &#8220;La ripartenza \u00e8 una strada nuova. Dobbiamo percorrerla con determinazione e con speranza. Come \u00e8 accaduto in altri momenti della nostra storia, quando nel dopoguerra la ricostruzione \u00e8 cominciata dalle macerie, quando un nuovo modello sociale, pi\u00f9 capace di benessere, di opportunit\u00e0 e diritti, \u00e8 scaturito dal concorso di forze e di [&hellip;]<\/p>\n","protected":false},"author":18,"featured_media":84989,"comment_status":"closed","ping_status":"closed","sticky":false,"template":"","format":"standard","meta":{"ub_ctt_via":"","_mi_skip_tracking":false},"categories":[446],"tags":[783],"featured_image_src":"https:\/\/www.messinaoggi.it\/website\/wp-content\/uploads\/2021\/10\/20211026_0552.jpg","author_info":{"display_name":"Admin","author_link":"https:\/\/www.messinaoggi.it\/website\/author\/admin\/"},"digistream_id":0,"digistream":false,"_links":{"self":[{"href":"https:\/\/www.messinaoggi.it\/website\/wp-json\/wp\/v2\/posts\/84988"}],"collection":[{"href":"https:\/\/www.messinaoggi.it\/website\/wp-json\/wp\/v2\/posts"}],"about":[{"href":"https:\/\/www.messinaoggi.it\/website\/wp-json\/wp\/v2\/types\/post"}],"author":[{"embeddable":true,"href":"https:\/\/www.messinaoggi.it\/website\/wp-json\/wp\/v2\/users\/18"}],"replies":[{"embeddable":true,"href":"https:\/\/www.messinaoggi.it\/website\/wp-json\/wp\/v2\/comments?post=84988"}],"version-history":[{"count":0,"href":"https:\/\/www.messinaoggi.it\/website\/wp-json\/wp\/v2\/posts\/84988\/revisions"}],"wp:featuredmedia":[{"embeddable":true,"href":"https:\/\/www.messinaoggi.it\/website\/wp-json\/wp\/v2\/media\/84989"}],"wp:attachment":[{"href":"https:\/\/www.messinaoggi.it\/website\/wp-json\/wp\/v2\/media?parent=84988"}],"wp:term":[{"taxonomy":"category","embeddable":true,"href":"https:\/\/www.messinaoggi.it\/website\/wp-json\/wp\/v2\/categories?post=84988"},{"taxonomy":"post_tag","embeddable":true,"href":"https:\/\/www.messinaoggi.it\/website\/wp-json\/wp\/v2\/tags?post=84988"}],"curies":[{"name":"wp","href":"https:\/\/api.w.org\/{rel}","templated":true}]}}