{"id":8498,"date":"2017-09-27T10:00:26","date_gmt":"2017-09-27T08:00:26","guid":{"rendered":"http:\/\/www.messinaoggi.it\/website\/?p=8498"},"modified":"2017-09-27T10:00:26","modified_gmt":"2017-09-27T08:00:26","slug":"concorsi-truccati-nelle-universita-ottavio-navarra-nulla-di-nuovo-ce-tanto-da-fare","status":"publish","type":"post","link":"https:\/\/www.messinaoggi.it\/website\/2017\/09\/27\/concorsi-truccati-nelle-universita-ottavio-navarra-nulla-di-nuovo-ce-tanto-da-fare\/","title":{"rendered":"Concorsi truccati nelle Universit\u00e0, Ottavio Navarra: &#039;Nulla di nuovo, c&#039;\u00e8 tanto da fare&#039;"},"content":{"rendered":"<p style=\"text-align: justify\" align=\"LEFT\"><span style=\"color: #1d2129\">\u201c<span style=\"font-family: Calibri, sans-serif\"><span style=\"font-size: small\">Era il 1990 quando sulle scale dell&#8217;ingresso della facolt\u00e0 di Giurisprudenza di Palermo attaccammo un manifesto che riportava gli organigrammi delle allora cattedre, dimostrando che erano luoghi nei quali vigeva il nepotismo\u201d. Lo afferma il candidato alla vicepresidenza regionale siciliana nella lista Cento passi per la Sicilia, Ottavio Navarra, riferendosi chiaramente agli ultimi fatti di cronaca che hanno scosso il mondo universitario, nel quale numerosi docenti, alcuni dei quali \u00a0titolari di cattedre nei vari atenei siciliani, sono stati interdetti per 12 mesi dallo svolgimento delle funzioni di professore universitario oppure sottoposti a misure cautelari \u00a0perch\u00e9 accusati di corruzione per aver truccato le procedure per l&#8217;abilitazione all&#8217;insegnamento.<\/span><\/span><\/span><div id=\"div-gpt-ad-Messinaoggi.it-DSK-300x250-corpoart\" style=\"text-align:center;margin:0 auto;\"><\/div><\/p>\n<p style=\"text-align: justify\" align=\"LEFT\"><span style=\"color: #1d2129\"><span style=\"font-family: Calibri, sans-serif\"><span style=\"font-size: small\">Pertanto, sembrerebbe essere stato lungimirante Navarra oltre venticinque anni fa se pensiamo a quanto sta accadendo in questi giorni. Tuttavia, come sottolinea lo stesso Navarra, questo sembrerebbe essere un meccanismo ampiamente usato da parecchio tempo, che per\u00f2 soltanto in tempi recenti \u00e8 finito sotto i riflettori dei giornali: &#8220;Il merito? Una parola declamata senza valore: questa era una regola larghissimamente applicata. Le accuse? Nella sostanza quello che noi denunciavamo gi\u00e0 circa 25 anni fa. Nessun mistero in questa inchiesta ma un metodo largamente applicato resistito negli anni e che svela quanta strada ci sia ancora da fare&#8221;.<\/span><\/span><\/span><div id=\"videoincontent\" style=\"clear:both\";><\/div><\/p>\n<p style=\"text-align: justify\" align=\"LEFT\"><span style=\"color: #1d2129\"><span style=\"font-family: Calibri, sans-serif\"><span style=\"font-size: small\">In riferimento poi al diritto allo studio, Navarra afferma:\u00a0<\/span><span style=\"font-size: small\">&#8220;<\/span><\/span><\/span><span style=\"color: #1d2129\"><span style=\"font-family: Calibri, sans-serif\"><span style=\"font-size: small\">Questa \u00e8 la terra con l&#8217;indice pi\u00f9 alto di abbandoni scolastici, dove il diritto allo studio non ha neanche un suo testo organico, dove sono state tagliate borse di studio e di ricerca, \u00a0dove i neo laureati volgono immediatamente lo sguardo oltre l&#8217;isola. E tutto ci\u00f2 malgrado in tanti, insegnanti, docenti universitari, personale impegnato nella filiera scolastica, fanno tutto il possibile ogni giorno con sacrifici enormi. Un lavoro quotidiano sul territorio che \u00e8 stato umiliato in tanti recenti provvedimenti legislativi.<\/span><\/span><\/span><\/p>\n<p style=\"text-align: justify\" align=\"LEFT\"><span style=\"color: #1d2129\"><span style=\"font-family: Calibri, sans-serif\"><span style=\"font-size: small\">Nell&#8217;avvio di questa mia esperienza regionale non \u00e8 stato un caso, e non lo \u00e8 oggi, a maggior ragione, l&#8217;avere annunciato che uno dei primi atti sar\u00e0 il deposito all&#8217;Ars di una legge organica sul diritto allo studio in Sicilia\u201d.<\/span><\/span><\/span><\/p>\n<p style=\"text-align: right\" align=\"LEFT\"><span style=\"font-size: small\"><strong><span style=\"color: #1d2129\"><span style=\"font-family: Calibri, sans-serif\">F.M.<\/span><\/span><\/strong><\/span><\/p>\n","protected":false},"excerpt":{"rendered":"<p>\u201cEra il 1990 quando sulle scale dell&#8217;ingresso della facolt\u00e0 di Giurisprudenza di Palermo attaccammo un manifesto che riportava gli organigrammi delle allora cattedre, dimostrando che erano luoghi nei quali vigeva il nepotismo\u201d. Lo afferma il candidato alla vicepresidenza regionale siciliana nella lista Cento passi per la Sicilia, Ottavio Navarra, riferendosi chiaramente agli ultimi fatti di [&hellip;]<\/p>\n","protected":false},"author":8,"featured_media":8499,"comment_status":"closed","ping_status":"open","sticky":false,"template":"","format":"standard","meta":{"ub_ctt_via":"","_mi_skip_tracking":false},"categories":[11],"tags":[],"featured_image_src":"https:\/\/www.messinaoggi.it\/website\/wp-content\/uploads\/2017\/09\/image-2.png","author_info":{"display_name":"red..me","author_link":"https:\/\/www.messinaoggi.it\/website\/author\/redstage\/"},"digistream_id":0,"digistream":false,"_links":{"self":[{"href":"https:\/\/www.messinaoggi.it\/website\/wp-json\/wp\/v2\/posts\/8498"}],"collection":[{"href":"https:\/\/www.messinaoggi.it\/website\/wp-json\/wp\/v2\/posts"}],"about":[{"href":"https:\/\/www.messinaoggi.it\/website\/wp-json\/wp\/v2\/types\/post"}],"author":[{"embeddable":true,"href":"https:\/\/www.messinaoggi.it\/website\/wp-json\/wp\/v2\/users\/8"}],"replies":[{"embeddable":true,"href":"https:\/\/www.messinaoggi.it\/website\/wp-json\/wp\/v2\/comments?post=8498"}],"version-history":[{"count":0,"href":"https:\/\/www.messinaoggi.it\/website\/wp-json\/wp\/v2\/posts\/8498\/revisions"}],"wp:featuredmedia":[{"embeddable":true,"href":"https:\/\/www.messinaoggi.it\/website\/wp-json\/wp\/v2\/media\/8499"}],"wp:attachment":[{"href":"https:\/\/www.messinaoggi.it\/website\/wp-json\/wp\/v2\/media?parent=8498"}],"wp:term":[{"taxonomy":"category","embeddable":true,"href":"https:\/\/www.messinaoggi.it\/website\/wp-json\/wp\/v2\/categories?post=8498"},{"taxonomy":"post_tag","embeddable":true,"href":"https:\/\/www.messinaoggi.it\/website\/wp-json\/wp\/v2\/tags?post=8498"}],"curies":[{"name":"wp","href":"https:\/\/api.w.org\/{rel}","templated":true}]}}