{"id":84972,"date":"2021-10-26T12:07:32","date_gmt":"2021-10-26T10:07:32","guid":{"rendered":"https:\/\/www.messinaoggi.it\/website\/2021\/10\/26\/sud-draghi-i-ritardi-nella-spesa-una-tassa-sul-futuro-dei-giovani\/"},"modified":"2021-10-26T12:07:32","modified_gmt":"2021-10-26T10:07:32","slug":"sud-draghi-i-ritardi-nella-spesa-una-tassa-sul-futuro-dei-giovani","status":"publish","type":"post","link":"https:\/\/www.messinaoggi.it\/website\/2021\/10\/26\/sud-draghi-i-ritardi-nella-spesa-una-tassa-sul-futuro-dei-giovani\/","title":{"rendered":"Sud, Draghi \u201cI ritardi nella spesa una tassa sul futuro dei giovani\u201d"},"content":{"rendered":"<div>BARI (ITALPRESS) &#8211; &#8220;Le risorse messe a disposizione per il Sud oggi non hanno precedenti nella storia recente. Dobbiamo spendere bene questi soldi, con onest\u00e0 e rapidit\u00e0. La responsabilit\u00e0 \u00e8 del Governo, ma anche dei Comuni e degli altri enti territoriali.<br \/>I ritardi nella spesa, che per troppo tempo hanno colpito il Mezzogiorno, sono un ostacolo alla vostra libert\u00e0 e una tassa sul vostro futuro&#8221;. Lo ha detto il presidente del Consiglio,<br \/>Mario Draghi, nel suo intervento all&#8217;ITS Cuccovillo nel rione<br \/>Japigia di Bari.<br \/>&#8220;A voi giovani spetta il compito di trasformare l&#8217;Italia. Il nostro compito \u00e8 mettervi nelle condizioni di farlo al meglio.<br \/>Il vostro \u00e8 cominciare a immaginare il Paese in cui vorrete vivere. Preparatevi a costruirlo, con passione, determinazione e &#8211; perch\u00e8 no &#8211; un pizzico di incoscienza&#8221;, ha concluso il premier.<br \/>(ITALPRESS).<\/div>\n<div id=\"div-gpt-ad-Messinaoggi.it-DSK-300x250-corpoart\" style=\"text-align:center;margin:0 auto;\"><\/div><\/p><div id=\"videoincontent\" style=\"clear:both\";><\/div>","protected":false},"excerpt":{"rendered":"<p>BARI (ITALPRESS) &#8211; &#8220;Le risorse messe a disposizione per il Sud oggi non hanno precedenti nella storia recente. Dobbiamo spendere bene questi soldi, con onest\u00e0 e rapidit\u00e0. La responsabilit\u00e0 \u00e8 del Governo, ma anche dei Comuni e degli altri enti territoriali.I ritardi nella spesa, che per troppo tempo hanno colpito il Mezzogiorno, sono un ostacolo [&hellip;]<\/p>\n","protected":false},"author":18,"featured_media":84973,"comment_status":"closed","ping_status":"closed","sticky":false,"template":"","format":"standard","meta":{"ub_ctt_via":"","_mi_skip_tracking":false},"categories":[446],"tags":[783],"featured_image_src":"https:\/\/www.messinaoggi.it\/website\/wp-content\/uploads\/2021\/10\/20211026_0343.jpg","author_info":{"display_name":"Admin","author_link":"https:\/\/www.messinaoggi.it\/website\/author\/admin\/"},"digistream_id":0,"digistream":false,"_links":{"self":[{"href":"https:\/\/www.messinaoggi.it\/website\/wp-json\/wp\/v2\/posts\/84972"}],"collection":[{"href":"https:\/\/www.messinaoggi.it\/website\/wp-json\/wp\/v2\/posts"}],"about":[{"href":"https:\/\/www.messinaoggi.it\/website\/wp-json\/wp\/v2\/types\/post"}],"author":[{"embeddable":true,"href":"https:\/\/www.messinaoggi.it\/website\/wp-json\/wp\/v2\/users\/18"}],"replies":[{"embeddable":true,"href":"https:\/\/www.messinaoggi.it\/website\/wp-json\/wp\/v2\/comments?post=84972"}],"version-history":[{"count":0,"href":"https:\/\/www.messinaoggi.it\/website\/wp-json\/wp\/v2\/posts\/84972\/revisions"}],"wp:featuredmedia":[{"embeddable":true,"href":"https:\/\/www.messinaoggi.it\/website\/wp-json\/wp\/v2\/media\/84973"}],"wp:attachment":[{"href":"https:\/\/www.messinaoggi.it\/website\/wp-json\/wp\/v2\/media?parent=84972"}],"wp:term":[{"taxonomy":"category","embeddable":true,"href":"https:\/\/www.messinaoggi.it\/website\/wp-json\/wp\/v2\/categories?post=84972"},{"taxonomy":"post_tag","embeddable":true,"href":"https:\/\/www.messinaoggi.it\/website\/wp-json\/wp\/v2\/tags?post=84972"}],"curies":[{"name":"wp","href":"https:\/\/api.w.org\/{rel}","templated":true}]}}