{"id":84959,"date":"2021-10-26T10:07:31","date_gmt":"2021-10-26T08:07:31","guid":{"rendered":"https:\/\/www.messinaoggi.it\/website\/2021\/10\/26\/corte-conti-ue-nel-bilancio-europeo-troppi-errori-sulla-spesa\/"},"modified":"2021-10-26T10:07:31","modified_gmt":"2021-10-26T08:07:31","slug":"corte-conti-ue-nel-bilancio-europeo-troppi-errori-sulla-spesa","status":"publish","type":"post","link":"https:\/\/www.messinaoggi.it\/website\/2021\/10\/26\/corte-conti-ue-nel-bilancio-europeo-troppi-errori-sulla-spesa\/","title":{"rendered":"Corte Conti Ue \u201cNel bilancio europeo troppi errori sulla spesa\u201d"},"content":{"rendered":"<div>LUSSEMBURGO (ITALPRESS) &#8211; I conti dell&#8217;Unione Europea per l&#8217;esercizio finanziario 2020 forniscono una &#8220;immagine fedele e veritiera&#8221; della situazione finanziaria, specialmente per le entrate, mentre i pagamenti restano inficiati da troppi errori. E&#8217; questa la conclusione alla quale \u00e8 pervenuta la Corte dei conti europea nella relazione speciale sull&#8217;esercizio finanziario 2020 pubblicata oggi. Per il secondo anno di seguito, la Corte ha espresso un giudizio negativo sulla spesa. Ha inoltre individuato rischi e sfide relative all&#8217;attuazione e alla sana gestione finanziaria dei fondi UE messi a disposizione in risposta alla crisi provocata dal coronavirus.<br \/>La Corte ha riscontrato che il livello complessivo delle irregolarit\u00e0 nelle spese dell&#8217;UE \u00e8 rimasto stabile, al 2,7% per il 2020 (stessa percentuale del 2019). Per il 2020, oltre la met\u00e0 (59%) della spesa controllata \u00e8 stata ritenuta ad alto rischio, un ulteriore aumento rispetto al 2019 (53%) e agli esercizi precedenti. Le norme e i criteri di ammissibilit\u00e0 che disciplinano questo tipo di spese sono spesso complessi, aumentando la probabilit\u00e0 di errori. La spesa ad alto rischio continua ad essere inficiata da errori rilevanti, per una percentuale stimata del 4% (2019: 4,9%). Come per l&#8217;esercizio precedente, la Corte ha dunque concluso che il livello di errore in questo importante tipo di spesa &#8220;\u00e8 pervasivo&#8221; e ha espresso un giudizio negativo sulle spese dell&#8217;UE per il 2020.<br \/>(ITALPRESS).<\/div>\n<div id=\"div-gpt-ad-Messinaoggi.it-DSK-300x250-corpoart\" style=\"text-align:center;margin:0 auto;\"><\/div><\/p><div id=\"videoincontent\" style=\"clear:both\";><\/div>","protected":false},"excerpt":{"rendered":"<p>LUSSEMBURGO (ITALPRESS) &#8211; I conti dell&#8217;Unione Europea per l&#8217;esercizio finanziario 2020 forniscono una &#8220;immagine fedele e veritiera&#8221; della situazione finanziaria, specialmente per le entrate, mentre i pagamenti restano inficiati da troppi errori. E&#8217; questa la conclusione alla quale \u00e8 pervenuta la Corte dei conti europea nella relazione speciale sull&#8217;esercizio finanziario 2020 pubblicata oggi. Per il [&hellip;]<\/p>\n","protected":false},"author":18,"featured_media":84960,"comment_status":"closed","ping_status":"closed","sticky":false,"template":"","format":"standard","meta":{"ub_ctt_via":"","_mi_skip_tracking":false},"categories":[446],"tags":[783],"featured_image_src":"https:\/\/www.messinaoggi.it\/website\/wp-content\/uploads\/2021\/10\/20211026_0127.jpg","author_info":{"display_name":"Admin","author_link":"https:\/\/www.messinaoggi.it\/website\/author\/admin\/"},"digistream_id":0,"digistream":false,"_links":{"self":[{"href":"https:\/\/www.messinaoggi.it\/website\/wp-json\/wp\/v2\/posts\/84959"}],"collection":[{"href":"https:\/\/www.messinaoggi.it\/website\/wp-json\/wp\/v2\/posts"}],"about":[{"href":"https:\/\/www.messinaoggi.it\/website\/wp-json\/wp\/v2\/types\/post"}],"author":[{"embeddable":true,"href":"https:\/\/www.messinaoggi.it\/website\/wp-json\/wp\/v2\/users\/18"}],"replies":[{"embeddable":true,"href":"https:\/\/www.messinaoggi.it\/website\/wp-json\/wp\/v2\/comments?post=84959"}],"version-history":[{"count":0,"href":"https:\/\/www.messinaoggi.it\/website\/wp-json\/wp\/v2\/posts\/84959\/revisions"}],"wp:featuredmedia":[{"embeddable":true,"href":"https:\/\/www.messinaoggi.it\/website\/wp-json\/wp\/v2\/media\/84960"}],"wp:attachment":[{"href":"https:\/\/www.messinaoggi.it\/website\/wp-json\/wp\/v2\/media?parent=84959"}],"wp:term":[{"taxonomy":"category","embeddable":true,"href":"https:\/\/www.messinaoggi.it\/website\/wp-json\/wp\/v2\/categories?post=84959"},{"taxonomy":"post_tag","embeddable":true,"href":"https:\/\/www.messinaoggi.it\/website\/wp-json\/wp\/v2\/tags?post=84959"}],"curies":[{"name":"wp","href":"https:\/\/api.w.org\/{rel}","templated":true}]}}