{"id":84928,"date":"2021-10-25T19:07:32","date_gmt":"2021-10-25T17:07:32","guid":{"rendered":"https:\/\/www.messinaoggi.it\/website\/2021\/10\/25\/renzi-sul-ddl-zan-avevamo-ragione-noi\/"},"modified":"2021-10-25T23:08:03","modified_gmt":"2021-10-25T21:08:03","slug":"renzi-sul-ddl-zan-avevamo-ragione-noi","status":"publish","type":"post","link":"https:\/\/www.messinaoggi.it\/website\/2021\/10\/25\/renzi-sul-ddl-zan-avevamo-ragione-noi\/","title":{"rendered":"Renzi \u201cSul ddl Zan avevamo ragione noi\u201d"},"content":{"rendered":"<div>ROMA (ITALPRESS) &#8211; &#8220;Sul Ddl Zan, Letta apre alle modifiche, come noi avevamo suggerito quattro mesi fa. Bene cos\u00ec, \u00e8 una scelta che apprezzo. Nessuno fortunatamente ha insultato Enrico, come invece in tanti hanno fatto con noi, quando avevamo posto il tema. La verit\u00e0 \u00e8 che avevamo ragione: se vogliamo che la legge passi, vanno cambiati i passaggi pi\u00f9 delicati. Nessuna polemica, nessuna rivendicazione: solo buon senso. Portiamo a casa la legge, possiamo farcela. Le polemiche lasciamole a chi vive di ideologia&#8221;. Lo scrive il leader di Italia Viva Matteo Renzi nella sua e-News.<br \/>(ITALPRESS).<\/div>\n<div id=\"div-gpt-ad-Messinaoggi.it-DSK-300x250-corpoart\" style=\"text-align:center;margin:0 auto;\"><\/div><\/p><div id=\"videoincontent\" style=\"clear:both\";><\/div>","protected":false},"excerpt":{"rendered":"<p>ROMA (ITALPRESS) &#8211; &#8220;Sul Ddl Zan, Letta apre alle modifiche, come noi avevamo suggerito quattro mesi fa. Bene cos\u00ec, \u00e8 una scelta che apprezzo. Nessuno fortunatamente ha insultato Enrico, come invece in tanti hanno fatto con noi, quando avevamo posto il tema. La verit\u00e0 \u00e8 che avevamo ragione: se vogliamo che la legge passi, vanno [&hellip;]<\/p>\n","protected":false},"author":18,"featured_media":84929,"comment_status":"closed","ping_status":"closed","sticky":false,"template":"","format":"standard","meta":{"ub_ctt_via":"","_mi_skip_tracking":false},"categories":[446,4],"tags":[783],"featured_image_src":"https:\/\/www.messinaoggi.it\/website\/wp-content\/uploads\/2021\/10\/20211025_2203.jpg","author_info":{"display_name":"Admin","author_link":"https:\/\/www.messinaoggi.it\/website\/author\/admin\/"},"digistream_id":0,"digistream":false,"_links":{"self":[{"href":"https:\/\/www.messinaoggi.it\/website\/wp-json\/wp\/v2\/posts\/84928"}],"collection":[{"href":"https:\/\/www.messinaoggi.it\/website\/wp-json\/wp\/v2\/posts"}],"about":[{"href":"https:\/\/www.messinaoggi.it\/website\/wp-json\/wp\/v2\/types\/post"}],"author":[{"embeddable":true,"href":"https:\/\/www.messinaoggi.it\/website\/wp-json\/wp\/v2\/users\/18"}],"replies":[{"embeddable":true,"href":"https:\/\/www.messinaoggi.it\/website\/wp-json\/wp\/v2\/comments?post=84928"}],"version-history":[{"count":1,"href":"https:\/\/www.messinaoggi.it\/website\/wp-json\/wp\/v2\/posts\/84928\/revisions"}],"predecessor-version":[{"id":84946,"href":"https:\/\/www.messinaoggi.it\/website\/wp-json\/wp\/v2\/posts\/84928\/revisions\/84946"}],"wp:featuredmedia":[{"embeddable":true,"href":"https:\/\/www.messinaoggi.it\/website\/wp-json\/wp\/v2\/media\/84929"}],"wp:attachment":[{"href":"https:\/\/www.messinaoggi.it\/website\/wp-json\/wp\/v2\/media?parent=84928"}],"wp:term":[{"taxonomy":"category","embeddable":true,"href":"https:\/\/www.messinaoggi.it\/website\/wp-json\/wp\/v2\/categories?post=84928"},{"taxonomy":"post_tag","embeddable":true,"href":"https:\/\/www.messinaoggi.it\/website\/wp-json\/wp\/v2\/tags?post=84928"}],"curies":[{"name":"wp","href":"https:\/\/api.w.org\/{rel}","templated":true}]}}