{"id":84890,"date":"2021-10-25T16:07:31","date_gmt":"2021-10-25T14:07:31","guid":{"rendered":"https:\/\/www.messinaoggi.it\/website\/2021\/10\/25\/universita-mattarelladiritto-studio-espressione-liberta-e-uguaglianza\/"},"modified":"2021-10-25T16:07:31","modified_gmt":"2021-10-25T14:07:31","slug":"universita-mattarelladiritto-studio-espressione-liberta-e-uguaglianza","status":"publish","type":"post","link":"https:\/\/www.messinaoggi.it\/website\/2021\/10\/25\/universita-mattarelladiritto-studio-espressione-liberta-e-uguaglianza\/","title":{"rendered":"Universit\u00e0, Mattarella\u201dDiritto studio espressione libert\u00e0 e uguaglianza\u201d"},"content":{"rendered":"<div>ROMA (ITALPRESS) &#8211; &#8220;L&#8217;Universit\u00e0 di Foggia fornisce una risposta concreta e adeguata al diritto allo studio che \u00e8 espressione di libert\u00e0 e uguaglianza. C&#8217;\u00e8 un collegamento intenso tra l&#8217;Universit\u00e0 e il territorio, un ruolo di particolare importanza perch\u00e8 l&#8217;Universit\u00e0 \u00e8 un presidio di cultura, di senso della convivenza, di rispetto degli altri, della comunit\u00e0. Questo \u00e8 di grande importanza ovunque, in questo territorio di grandi tradizioni e grandi opportunit\u00e0 e risorse che richiede un impegno intenso, l&#8217;Ateneo \u00e8 un presidio che esprime volont\u00e0 di crescita della popolazione e del suo territorio&#8221;. Lo ha detto il Presidente della Repubblica, Sergio Mattarella, intervenendo all&#8217;inaugurazione dell&#8217;anno accademico 2021-2022 dell&#8217;Universit\u00e0 di Foggia. &#8220;E&#8217; stato richiamato il tema del contrasto alla criminalit\u00e0 organizzata, anche in questo vi \u00e8 un ruolo importante dell&#8217;Ateneo e dell&#8217;impegno di contrasto alla criminalit\u00e0 organizzata. Per eliminare la presenza e sconfiggerla richiede diversi elementi, ma accanto all&#8217;elemento prezioso e <br \/>indispensabile dell&#8217;attivit\u00e0 di prevenzione e repressione<br \/>affidata alla magistratura e alle forze dell&#8217;ordine, accanto<br \/>all&#8217;esigenza di pubbliche amministrazioni trasparenti ed<br \/>efficienti, accanto alla necessit\u00e0 primaria di una economia che<br \/>cresce e con una crescita dell&#8217;occupazione per rendere il tessuto<br \/>sociale pi\u00f9 forte e resistente, vi \u00e8 una azione indispensabile<br \/>che \u00e8 quella della formazione delle coscienze che in tutto il<br \/>nostro Paese \u00e8 necessaria e avvertita come indispensabile&#8221;.<br \/>(ITALPRESS).<\/div>\n<div id=\"div-gpt-ad-Messinaoggi.it-DSK-300x250-corpoart\" style=\"text-align:center;margin:0 auto;\"><\/div><\/p><div id=\"videoincontent\" style=\"clear:both\";><\/div>","protected":false},"excerpt":{"rendered":"<p>ROMA (ITALPRESS) &#8211; &#8220;L&#8217;Universit\u00e0 di Foggia fornisce una risposta concreta e adeguata al diritto allo studio che \u00e8 espressione di libert\u00e0 e uguaglianza. C&#8217;\u00e8 un collegamento intenso tra l&#8217;Universit\u00e0 e il territorio, un ruolo di particolare importanza perch\u00e8 l&#8217;Universit\u00e0 \u00e8 un presidio di cultura, di senso della convivenza, di rispetto degli altri, della comunit\u00e0. Questo [&hellip;]<\/p>\n","protected":false},"author":18,"featured_media":84891,"comment_status":"closed","ping_status":"closed","sticky":false,"template":"","format":"standard","meta":{"ub_ctt_via":"","_mi_skip_tracking":false},"categories":[446],"tags":[783],"featured_image_src":"https:\/\/www.messinaoggi.it\/website\/wp-content\/uploads\/2021\/10\/20211025_1234.jpg","author_info":{"display_name":"Admin","author_link":"https:\/\/www.messinaoggi.it\/website\/author\/admin\/"},"digistream_id":0,"digistream":false,"_links":{"self":[{"href":"https:\/\/www.messinaoggi.it\/website\/wp-json\/wp\/v2\/posts\/84890"}],"collection":[{"href":"https:\/\/www.messinaoggi.it\/website\/wp-json\/wp\/v2\/posts"}],"about":[{"href":"https:\/\/www.messinaoggi.it\/website\/wp-json\/wp\/v2\/types\/post"}],"author":[{"embeddable":true,"href":"https:\/\/www.messinaoggi.it\/website\/wp-json\/wp\/v2\/users\/18"}],"replies":[{"embeddable":true,"href":"https:\/\/www.messinaoggi.it\/website\/wp-json\/wp\/v2\/comments?post=84890"}],"version-history":[{"count":0,"href":"https:\/\/www.messinaoggi.it\/website\/wp-json\/wp\/v2\/posts\/84890\/revisions"}],"wp:featuredmedia":[{"embeddable":true,"href":"https:\/\/www.messinaoggi.it\/website\/wp-json\/wp\/v2\/media\/84891"}],"wp:attachment":[{"href":"https:\/\/www.messinaoggi.it\/website\/wp-json\/wp\/v2\/media?parent=84890"}],"wp:term":[{"taxonomy":"category","embeddable":true,"href":"https:\/\/www.messinaoggi.it\/website\/wp-json\/wp\/v2\/categories?post=84890"},{"taxonomy":"post_tag","embeddable":true,"href":"https:\/\/www.messinaoggi.it\/website\/wp-json\/wp\/v2\/tags?post=84890"}],"curies":[{"name":"wp","href":"https:\/\/api.w.org\/{rel}","templated":true}]}}