{"id":84845,"date":"2021-10-25T14:45:37","date_gmt":"2021-10-25T12:45:37","guid":{"rendered":"http:\/\/www.messinaoggi.it\/website\/?p=84845"},"modified":"2021-10-25T14:52:22","modified_gmt":"2021-10-25T12:52:22","slug":"acr-allievi-regionali-a-punteggio-pieno-dopo-4-gare-con-nello-miano","status":"publish","type":"post","link":"https:\/\/www.messinaoggi.it\/website\/2021\/10\/25\/acr-allievi-regionali-a-punteggio-pieno-dopo-4-gare-con-nello-miano\/","title":{"rendered":"Acr, poker di vittorie degli Allievi regionali di Nello Miano"},"content":{"rendered":"\n<p>Quattro successi in altrettante gare disputate sulle 5 in calendario (nella rimanente \u00e8 stato osservato il turno di riposo). E&#8217; questo il ruolino di marcia degli Allievi Regionali dell&#8217;Acr Messina nel girone D di categoria, sotto la guida di mister Nello Miano. &#8220;Il fatto di essere fuori classifica (il club del presidente Sciotto, essendo militante in Serie C disputa infatti il campionato nazionale Allievi, ndr) non sminuisce il nostro cammino &#8211; tiene a sottolineare il tecnico nativo di Roccalumera -. Il livello del girone \u00e8 pi\u00f9 o meno analogo, dato che tutti proveniamo da un anno e mezzo di inattivit\u00e0. Per noi Acr, per\u00f2, ogni partita \u00e8 una &#8220;battaglia&#8221;, in quanto visto il nostro blasone tutti ci aspettano al varco. Il nostro campo di casa (nonch\u00e9 per alcuni allenamenti) \u00e8 quello di S.Lucia del Mela, mentre invece in settimana lavoriamo anche al CUS, sui campi a 7 del Trocadero e Roccalumera &#8220;.<br><br>A Miano non manca il calcio regionale dei &#8220;senior&#8221;: &#8220;Per me non cambia nulla, anche perch\u00e9 noi tecnici siamo comunque abituati a dare spazio ai giovani nelle prime squadre. A prescindere dall&#8217;et\u00e0 io ne ho sempre avuti tanti, vedi ad esempio il Pistunina dove ho guidato anche la formazione Juniores fino al titolo regionale. In pi\u00f9 diversi anni della mia carriera ho allenato a livello giovanile, ad esempio con gli Allievi Regionali dell&#8217;Acireale e nel Catania con cui abbiamo vinto il titolo &#8220;Berretti&#8221;. Negli ultimi anni alla Valdinisi Under 15 \u00e8 arrivata anche la vittoria nel girone ,con il successivo inserimento nell&#8217;Under 17&#8243;.<br><br>Poi per il tecnico \u00e8 il momento dei ringraziamenti: &#8220;Intanto al direttore del settore giovanile Domenico Chiofalo, il quale mi ha proposto al Direttore Lo Monaco col quale ero gi\u00e0 stato ad Acireale e Catania; poi allo staff dell&#8217;under 17 capeggiato da Giuseppe Cosimini &#8211; supportato da Domenico La Rosa (preparatore atletico e Claudio Isgr\u00f2 (preparatore dei portieri) &#8211; e ai dirigenti accompagnatori Di Bella e Pollara. Il nostro organigramma  tecnico giovanile comprende anche Ezio Raciti (un altro ex Pistunina, ndr) responsabile della &#8220;Primavera 4&#8243; e Carmelo La Spada agli Under 15 nazionali&#8221;.<br><br><div id=\"div-gpt-ad-Messinaoggi.it-DSK-300x250-corpoart\" style=\"text-align:center;margin:0 auto;\"><\/div><\/p>\n<div id=\"videoincontent\" style=\"clear:both\";><\/div>","protected":false},"excerpt":{"rendered":"<p>Quattro successi in altrettante gare disputate sulle 5 in calendario (nella rimanente \u00e8 stato osservato il turno di riposo). E&#8217; questo il ruolino di marcia degli Allievi Regionali dell&#8217;Acr Messina nel girone D di categoria, sotto la guida di mister Nello Miano. &#8220;Il fatto di essere fuori classifica (il club del presidente Sciotto, essendo militante [&hellip;]<\/p>\n","protected":false},"author":11,"featured_media":39732,"comment_status":"open","ping_status":"open","sticky":false,"template":"","format":"standard","meta":{"ub_ctt_via":"","_mi_skip_tracking":false},"categories":[10,9],"tags":[],"featured_image_src":"https:\/\/www.messinaoggi.it\/website\/wp-content\/uploads\/2020\/01\/Miano.jpg","author_info":{"display_name":"redsport","author_link":"https:\/\/www.messinaoggi.it\/website\/author\/redsport\/"},"digistream_id":0,"digistream":false,"_links":{"self":[{"href":"https:\/\/www.messinaoggi.it\/website\/wp-json\/wp\/v2\/posts\/84845"}],"collection":[{"href":"https:\/\/www.messinaoggi.it\/website\/wp-json\/wp\/v2\/posts"}],"about":[{"href":"https:\/\/www.messinaoggi.it\/website\/wp-json\/wp\/v2\/types\/post"}],"author":[{"embeddable":true,"href":"https:\/\/www.messinaoggi.it\/website\/wp-json\/wp\/v2\/users\/11"}],"replies":[{"embeddable":true,"href":"https:\/\/www.messinaoggi.it\/website\/wp-json\/wp\/v2\/comments?post=84845"}],"version-history":[{"count":3,"href":"https:\/\/www.messinaoggi.it\/website\/wp-json\/wp\/v2\/posts\/84845\/revisions"}],"predecessor-version":[{"id":84851,"href":"https:\/\/www.messinaoggi.it\/website\/wp-json\/wp\/v2\/posts\/84845\/revisions\/84851"}],"wp:featuredmedia":[{"embeddable":true,"href":"https:\/\/www.messinaoggi.it\/website\/wp-json\/wp\/v2\/media\/39732"}],"wp:attachment":[{"href":"https:\/\/www.messinaoggi.it\/website\/wp-json\/wp\/v2\/media?parent=84845"}],"wp:term":[{"taxonomy":"category","embeddable":true,"href":"https:\/\/www.messinaoggi.it\/website\/wp-json\/wp\/v2\/categories?post=84845"},{"taxonomy":"post_tag","embeddable":true,"href":"https:\/\/www.messinaoggi.it\/website\/wp-json\/wp\/v2\/tags?post=84845"}],"curies":[{"name":"wp","href":"https:\/\/api.w.org\/{rel}","templated":true}]}}