{"id":8484,"date":"2017-09-27T09:00:04","date_gmt":"2017-09-27T07:00:04","guid":{"rendered":"http:\/\/www.messinaoggi.it\/website\/?p=8484"},"modified":"2017-09-27T09:00:04","modified_gmt":"2017-09-27T07:00:04","slug":"regionali-movimento-citta-viva-dovremmo-sostenere-i-candidati-locali-pattesi","status":"publish","type":"post","link":"https:\/\/www.messinaoggi.it\/website\/2017\/09\/27\/regionali-movimento-citta-viva-dovremmo-sostenere-i-candidati-locali-pattesi\/","title":{"rendered":"Regionali, Movimento Citt\u00e0 Viva: &#039;Dovremmo sostenere i candidati locali pattesi&#039;"},"content":{"rendered":"<p style=\"text-align: justify\" align=\"LEFT\">\u201c<span style=\"font-family: Arial, sans-serif\"><span style=\"font-size: medium\">Innumerevoli candidati son venuti a Patti a riscuotere consensi per poi abbandonare il paese all\u2019indomani delle elezioni. Dovremmo cercare di supportare e sostenere candidati locali espressione della pi\u00f9 ampia aggregazione di cittadini e movimenti <i>pattesi<\/i>, ma non candidati scelti nei salotti della politica\u201d. \u00c8 la riflessione fatta dal Movimento Citt\u00e0 Viva in vista delle sempre pi\u00f9 imminenti elezioni regionali che si terranno il 5 novembre.<\/span><\/span><div id=\"div-gpt-ad-Messinaoggi.it-DSK-300x250-corpoart\" style=\"text-align:center;margin:0 auto;\"><\/div><\/p>\n<p style=\"text-align: justify\"><span style=\"font-size: medium\"><span style=\"font-family: Arial, sans-serif\">&#8220;Diciamo basta &#8211; prosegue Movimento Citt\u00e0 Viva &#8211; agli scippi di consenso finalizzati a favorire altre realt\u00e0, altri territori. Premiamo pittosto il territorio dando priorit\u00e0 a candidati locali meritevoli!<\/span><\/span><div id=\"videoincontent\" style=\"clear:both\";><\/div><\/p>\n<p style=\"text-align: justify\"><span style=\"font-size: medium\"><span style=\"font-family: Arial, sans-serif\">Saremo a fianco di chi si spender\u00e0 principalmente per la citt\u00e0 di Patti e del suo comprensorio e di chi ha dimostrato di essere dalla parte dei cittadini con i fatti e non con le parole!&#8221;.<\/span><\/span><\/p>\n<p style=\"text-align: right\"><span style=\"font-size: medium\"><strong><span style=\"font-family: Arial, sans-serif\">F.M.<\/span><\/strong><\/span><\/p>\n","protected":false},"excerpt":{"rendered":"<p>\u201cInnumerevoli candidati son venuti a Patti a riscuotere consensi per poi abbandonare il paese all\u2019indomani delle elezioni. Dovremmo cercare di supportare e sostenere candidati locali espressione della pi\u00f9 ampia aggregazione di cittadini e movimenti pattesi, ma non candidati scelti nei salotti della politica\u201d. \u00c8 la riflessione fatta dal Movimento Citt\u00e0 Viva in vista delle sempre [&hellip;]<\/p>\n","protected":false},"author":8,"featured_media":2646,"comment_status":"closed","ping_status":"open","sticky":false,"template":"","format":"standard","meta":{"ub_ctt_via":"","_mi_skip_tracking":false},"categories":[13,14],"tags":[],"featured_image_src":"https:\/\/www.messinaoggi.it\/website\/wp-content\/uploads\/2017\/06\/elezioni-2.jpg","author_info":{"display_name":"red..me","author_link":"https:\/\/www.messinaoggi.it\/website\/author\/redstage\/"},"digistream_id":0,"digistream":false,"_links":{"self":[{"href":"https:\/\/www.messinaoggi.it\/website\/wp-json\/wp\/v2\/posts\/8484"}],"collection":[{"href":"https:\/\/www.messinaoggi.it\/website\/wp-json\/wp\/v2\/posts"}],"about":[{"href":"https:\/\/www.messinaoggi.it\/website\/wp-json\/wp\/v2\/types\/post"}],"author":[{"embeddable":true,"href":"https:\/\/www.messinaoggi.it\/website\/wp-json\/wp\/v2\/users\/8"}],"replies":[{"embeddable":true,"href":"https:\/\/www.messinaoggi.it\/website\/wp-json\/wp\/v2\/comments?post=8484"}],"version-history":[{"count":0,"href":"https:\/\/www.messinaoggi.it\/website\/wp-json\/wp\/v2\/posts\/8484\/revisions"}],"wp:featuredmedia":[{"embeddable":true,"href":"https:\/\/www.messinaoggi.it\/website\/wp-json\/wp\/v2\/media\/2646"}],"wp:attachment":[{"href":"https:\/\/www.messinaoggi.it\/website\/wp-json\/wp\/v2\/media?parent=8484"}],"wp:term":[{"taxonomy":"category","embeddable":true,"href":"https:\/\/www.messinaoggi.it\/website\/wp-json\/wp\/v2\/categories?post=8484"},{"taxonomy":"post_tag","embeddable":true,"href":"https:\/\/www.messinaoggi.it\/website\/wp-json\/wp\/v2\/tags?post=8484"}],"curies":[{"name":"wp","href":"https:\/\/api.w.org\/{rel}","templated":true}]}}