{"id":84803,"date":"2021-10-25T10:14:37","date_gmt":"2021-10-25T08:14:37","guid":{"rendered":"http:\/\/www.messinaoggi.it\/website\/?p=84803"},"modified":"2021-10-25T15:21:05","modified_gmt":"2021-10-25T13:21:05","slug":"litorale-galati-marina-al-via-alla-messa-in-sicurezza-il-comitato-soddisfatti-ma-continueremo-a-vigilare","status":"publish","type":"post","link":"https:\/\/www.messinaoggi.it\/website\/2021\/10\/25\/litorale-galati-marina-al-via-alla-messa-in-sicurezza-il-comitato-soddisfatti-ma-continueremo-a-vigilare\/","title":{"rendered":"Galati, messa in sicurezza della costa. Il comitato: \u201cSoddisfatti, ma continueremo a vigilare\u201d"},"content":{"rendered":"\n<p>Sono stati avviati i lavori di messa in sicurezza del litorale di Galati Marina-S. Margherita. Soddisfatto al riguardo il Comitato Salviamo Galati Marina, che da tempo si batte per la salvaguardia del litorale in questione.<div id=\"div-gpt-ad-Messinaoggi.it-DSK-300x250-corpoart\" style=\"text-align:center;margin:0 auto;\"><\/div><\/p>\n\n\n\n<p>Il Comitato, per\u00f2, rende noto che continuer\u00e0 a vigilare sui lavori di messa in sicurezza del litorale, anche perch\u00e9 sono stati avviati in corrispondenza di quel periodo dell\u2019anno caratterizzato da frequenti mareggiate, che potrebbero compromettere la buona riuscita dei lavori stessi.<div id=\"videoincontent\" style=\"clear:both\";><\/div><\/p>\n\n\n\n<p>\u201cSiamo entrati nel vivo della stagione delle mareggiate, &#8211; spiega il Comitato &#8211; per cui nella piccola frazione la tensione continua ad essere alta, soprattutto perch\u00e9 l&#8217;avvio degli interventi definitivi, in questo preciso momento dell&#8217;anno, non rappresenta una condizione ottimale sia per le condizioni metereologiche sia perch\u00e9, modificando la barriera esistente, per il proseguire dei lavori, potrebbe venire meno l&#8217;azione protettiva della stessa.<\/p>\n\n\n\n<p>\u201cIn tempi molto brevi, grazie all&#8217;operativit\u00e0 della ditta, \u00e8 stato realizzato il primo pennello, ma la presenza di questo stesso, ancora unico rispetto alla totalit\u00e0 di quelli da realizzare,  nella posizione in cui si trova sta allarmando chi \u00e8 stato interessato dalla famosa ordinanza di sgombero delle abitazioni, perch\u00e9 si teme che ci\u00f2 determini un aggravamento dei danni proprio alle stesse, che oltretutto sono antistanti al punto, in cui la barriera \u00e8 quasi inesistente, che, a questo punto, andrebbe l\u00ec rinforzata. <\/p>\n\n\n\n<p>\u201cAlla luce dei fatti il Comitato chiede un incontro ufficiale con le autorit\u00e0 locali competenti e\/o responsabili del progetto per far chiarezza sull&#8217;iter procedurale degli interventi; sul come si proseguir\u00e0, curandosi contestualmente della nostra incolumit\u00e0, anche di fronte ad eventuali fenomeni meteomarini, gi\u00e0 in corso; se si sta valutando di mettere in sicurezza i tratti non interessati dai pennelli, rassicurando, cos\u00ec, l&#8217;intera comunit\u00e0, che ancora una volta vive nell&#8217;incertezza\u201d.<\/p>\n","protected":false},"excerpt":{"rendered":"<p>Sono stati avviati i lavori di messa in sicurezza del litorale di Galati Marina-S. Margherita. Soddisfatto al riguardo il Comitato Salviamo Galati Marina, che da tempo si batte per la salvaguardia del litorale in questione. Il Comitato, per\u00f2, rende noto che continuer\u00e0 a vigilare sui lavori di messa in sicurezza del litorale, anche perch\u00e9 sono [&hellip;]<\/p>\n","protected":false},"author":8,"featured_media":70653,"comment_status":"open","ping_status":"open","sticky":false,"template":"","format":"standard","meta":{"ub_ctt_via":"","_mi_skip_tracking":false},"categories":[6],"tags":[2379,1135,1660],"featured_image_src":"https:\/\/www.messinaoggi.it\/website\/wp-content\/uploads\/2021\/06\/Salviamo-Galati-Marina-erosione.jpg","author_info":{"display_name":"red..me","author_link":"https:\/\/www.messinaoggi.it\/website\/author\/redstage\/"},"digistream_id":0,"digistream":false,"_links":{"self":[{"href":"https:\/\/www.messinaoggi.it\/website\/wp-json\/wp\/v2\/posts\/84803"}],"collection":[{"href":"https:\/\/www.messinaoggi.it\/website\/wp-json\/wp\/v2\/posts"}],"about":[{"href":"https:\/\/www.messinaoggi.it\/website\/wp-json\/wp\/v2\/types\/post"}],"author":[{"embeddable":true,"href":"https:\/\/www.messinaoggi.it\/website\/wp-json\/wp\/v2\/users\/8"}],"replies":[{"embeddable":true,"href":"https:\/\/www.messinaoggi.it\/website\/wp-json\/wp\/v2\/comments?post=84803"}],"version-history":[{"count":2,"href":"https:\/\/www.messinaoggi.it\/website\/wp-json\/wp\/v2\/posts\/84803\/revisions"}],"predecessor-version":[{"id":84854,"href":"https:\/\/www.messinaoggi.it\/website\/wp-json\/wp\/v2\/posts\/84803\/revisions\/84854"}],"wp:featuredmedia":[{"embeddable":true,"href":"https:\/\/www.messinaoggi.it\/website\/wp-json\/wp\/v2\/media\/70653"}],"wp:attachment":[{"href":"https:\/\/www.messinaoggi.it\/website\/wp-json\/wp\/v2\/media?parent=84803"}],"wp:term":[{"taxonomy":"category","embeddable":true,"href":"https:\/\/www.messinaoggi.it\/website\/wp-json\/wp\/v2\/categories?post=84803"},{"taxonomy":"post_tag","embeddable":true,"href":"https:\/\/www.messinaoggi.it\/website\/wp-json\/wp\/v2\/tags?post=84803"}],"curies":[{"name":"wp","href":"https:\/\/api.w.org\/{rel}","templated":true}]}}