{"id":848,"date":"2017-05-29T12:06:51","date_gmt":"2017-05-29T10:06:51","guid":{"rendered":"http:\/\/www.messinaoggi.it\/website\/?p=848"},"modified":"2017-05-29T12:06:51","modified_gmt":"2017-05-29T10:06:51","slug":"i-siciliani-di-francesco-lama-sbarcano-a-roma","status":"publish","type":"post","link":"https:\/\/www.messinaoggi.it\/website\/2017\/05\/29\/i-siciliani-di-francesco-lama-sbarcano-a-roma\/","title":{"rendered":"I Siciliani di Francesco Lama sbarcano a Roma"},"content":{"rendered":"<p>C\u2019\u00e8 grande trepidazione\u00a0 intorno all\u2019evento che vedr\u00e0 protagonista il docu film dal\u00a0 titolo I Siciliani, scritto e diretto dal regista Francesco Lama. \u00a0\u00a0Dopo il successo riscontrato\u00a0 \u00a0al <em>62\u00b0 Festival Internazionale <\/em>del <em>Cinema di Taormina<\/em> a giugno 2016, e dopo l\u2019anteprima mondiale al prestigioso <em>BAFTA<\/em> di Londra a Piccadilly Circus a settembre 2016, domani la pellicola sar\u00e0 presentata a Roma, alle ore 21.00 al Cinema Caravaggio(Via Giovanni Paisiello, 24).<br \/>\nAlla proiezione, <em>in anteprima assoluta, <\/em>in attesa dell\u2019uscita nazionale, saranno presenti il regista Lama e alcuni componenti del cast tra cui Maria Grazia Cucinotta, Tony Sperandeo, Ninni Bruschetta, Leo Gullotta, Antonio Emanuele e Pietrangelo Buttafuoco.\u00a0Si tratta di un \u00a0lungo viaggio che attraversa la Sicilia, dai vari dialetti ai molteplici paesaggi che variano di continuo senza sosta, ed \u00e8 proprio l\u00ec, attraverso la natura, che il racconto diventa vivo e i siciliani si aprono orgogliosi come se il sole o il mare fossero di individuale propriet\u00e0, appartenuti a qualche avo e lasciato tutto quanto a loro in eredit\u00e0!<br \/>\n<img loading=\"lazy\" src=\"http:\/\/www.messinaoggi.eu\/uploads\/Maria%20Antonella%20Saia\/Spettacoli\/Tony%20Sperandeo%20insieme%20al%20regista%20Francesco%20Lama.jpeg\" alt=\"\" width=\"640\" height=\"345\" \/><br \/>\nIl film \u00e8 stato girato in molte parti della Sicilia, che vanno \u00a0dallo stretto di Messina all\u2019Etna, dai Nebrodi alle Madonie e racconta la storia di un ragazzo, di nome Ignazio Bonaventura interpretato da Antonio Emanuele, che <em>\u201ccampa\u201d<\/em> di lavoretti saltuari, naturalmente in nero, e iscritto nelle liste di collocamento come perenne disoccupato e vive in un piccolo paesino al centro della Sicilia.<br \/>\nIl ragazzo stanco della sua condizione di vita, decide di scrivere un libro sul popolo siciliano. Inizia \u00a0cos\u00ec una grande avventura che lo porta ad intervistare il popolo siciliano e tanti personaggi noti, da <em>Maria Grazia Cucinotta, a Leo Gullotta, Tony Sperandeo, Pietrangelo Buttafuoco e Ninni Bruschetta.<\/em><br \/>\nDurante il suo viaggio incontra diversi personaggi, dal mafioso Don Ciccu interpretato da Tony Sperandeo, all\u2019Onorevole interpretato da Filippo Glorioso, e molti altri che rappresentano in qualche modo <em>I Siciliani<\/em>. Ignazio \u00e8 convinto di poter trovare delle risposte ai tanti misteri del pensiero di questo complicato popoloper poter capire anche se stesso!<br \/>\n<em> Siciliani <\/em>\u00e8 prodotto da <em>nucciarte produzioni<\/em>, soggetto e sceneggiatura Francesco Lama, direttore della fotografia Davide Cuscun\u00e0, fonici Alba Cali\u00f2 e Alessandro Candido, consulenza legale Rossana Portale, assistenti alla regia Beppe Manno, Davide Cuscun\u00e0, Scenografia Nuccia Mileti.<br \/>\nLe musiche sono state composte ed eseguite da Joe Castellano blues Band \u2013 Rondo Siciliano \u2013 Gruppo Folk I Nebrodi \u2013 Diego Spitaleri\/Anna Bonomolo\/Folkage Etno Band \u2013 Davide Cuscun\u00e0\/Antonio Smiriglia<em>.<\/em><br \/>\nFanno inoltre parte del cast artistico: Adriana Tuzzeo, Giulia Giuffr\u00e8, Sosicle Barone, Peppino Ciccia, Salvatore Celano, Nunzio Butt\u00e0, Santo Trovato, Filippo Glorioso, Salvatore Celano, Giovanni Torres La Torre, Marilena Barca, per la prima volta sullo schermo il piccolo Ludovico Maria Lama e soprattutto il popolo Siciliano.<br \/>\nIl film \u00e8 prodotto dalla <em>nucciarte produzioni <\/em>con il sostegno di <em>Sicilia outlet Village, Irritec, Fondazione Mancuso Onlus, A \u2018Vucciria old Sicily&amp;new food Milano&#8217;.<\/em><br \/>\nUn\u00a0 evento da non\u00a0 perdere, \u00a0che per la prima volta presenter\u00e0 al mondo la Sicilia\u00a0 cos\u00ec com\u2019\u00e8, con i suoi vizi ma anche con le sue virt\u00f9.<div id=\"div-gpt-ad-Messinaoggi.it-DSK-300x250-corpoart\" style=\"text-align:center;margin:0 auto;\"><\/div><\/p>\n<div id=\"videoincontent\" style=\"clear:both\";><\/div>","protected":false},"excerpt":{"rendered":"<p>C\u2019\u00e8 grande trepidazione\u00a0 intorno all\u2019evento che vedr\u00e0 protagonista il docu film dal\u00a0 titolo I Siciliani, scritto e diretto dal regista Francesco Lama. \u00a0\u00a0Dopo il successo riscontrato\u00a0 \u00a0al 62\u00b0 Festival Internazionale del Cinema di Taormina a giugno 2016, e dopo l\u2019anteprima mondiale al prestigioso BAFTA di Londra a Piccadilly Circus a settembre 2016, domani la pellicola [&hellip;]<\/p>\n","protected":false},"author":5,"featured_media":849,"comment_status":"closed","ping_status":"open","sticky":false,"template":"","format":"standard","meta":{"ub_ctt_via":"","_mi_skip_tracking":false},"categories":[17],"tags":[],"featured_image_src":"https:\/\/www.messinaoggi.it\/website\/wp-content\/uploads\/2017\/05\/Il-regista-Francesco-Lama-insieme-a-Maria-Grazia-Cucinotta-2.jpeg","author_info":{"display_name":"Maria Antonella Saia","author_link":"https:\/\/www.messinaoggi.it\/website\/author\/m-saia\/"},"digistream_id":0,"digistream":false,"_links":{"self":[{"href":"https:\/\/www.messinaoggi.it\/website\/wp-json\/wp\/v2\/posts\/848"}],"collection":[{"href":"https:\/\/www.messinaoggi.it\/website\/wp-json\/wp\/v2\/posts"}],"about":[{"href":"https:\/\/www.messinaoggi.it\/website\/wp-json\/wp\/v2\/types\/post"}],"author":[{"embeddable":true,"href":"https:\/\/www.messinaoggi.it\/website\/wp-json\/wp\/v2\/users\/5"}],"replies":[{"embeddable":true,"href":"https:\/\/www.messinaoggi.it\/website\/wp-json\/wp\/v2\/comments?post=848"}],"version-history":[{"count":0,"href":"https:\/\/www.messinaoggi.it\/website\/wp-json\/wp\/v2\/posts\/848\/revisions"}],"wp:featuredmedia":[{"embeddable":true,"href":"https:\/\/www.messinaoggi.it\/website\/wp-json\/wp\/v2\/media\/849"}],"wp:attachment":[{"href":"https:\/\/www.messinaoggi.it\/website\/wp-json\/wp\/v2\/media?parent=848"}],"wp:term":[{"taxonomy":"category","embeddable":true,"href":"https:\/\/www.messinaoggi.it\/website\/wp-json\/wp\/v2\/categories?post=848"},{"taxonomy":"post_tag","embeddable":true,"href":"https:\/\/www.messinaoggi.it\/website\/wp-json\/wp\/v2\/tags?post=848"}],"curies":[{"name":"wp","href":"https:\/\/api.w.org\/{rel}","templated":true}]}}