{"id":8478,"date":"2017-09-26T19:15:54","date_gmt":"2017-09-26T17:15:54","guid":{"rendered":"http:\/\/www.messinaoggi.it\/website\/?p=8478"},"modified":"2017-09-26T19:15:54","modified_gmt":"2017-09-26T17:15:54","slug":"8478","status":"publish","type":"post","link":"https:\/\/www.messinaoggi.it\/website\/2017\/09\/26\/8478\/","title":{"rendered":"Centro NeMO SUD Messina, gioved\u00ec sera &quot;Festa di Fine Estate&quot; a Granatari"},"content":{"rendered":"<p style=\"text-align: justify;\">Sar\u00e0 lo scenario di &#8220;<em>Villa Ida<\/em>&#8221; (Granatari) ad ospitare, nella serata di gioved\u00ec 28, la &#8220;<strong><em>Festa di Fine Estate &#8211; #RacconTiAmoNemo<\/em><\/strong>&#8220;. Si tratta di un evento organizzato per allestire una raccolta fondi mirata alla ricerca di nuove risorse per l&#8217;ampliamento del Centro Clinico NeMO SUD Messina, in vista del traguardo del 5\u00b0 anno di attivit\u00e0 che verr\u00e0 tagliato il prossimo 21 marzo 2018.<div id=\"div-gpt-ad-Messinaoggi.it-DSK-300x250-corpoart\" style=\"text-align:center;margin:0 auto;\"><\/div><\/p>\n<p style=\"text-align: justify;\">Nel corso della serata, che si propone di coinvolgere il maggior numero possibile di messinesi e alla quale hanno aderito diverse aziende, verr\u00e0 proiettato il Docufilm <em>&#8220;#RacconTiAmoNemo<\/em>&#8221; &#8211; prodotto da PVK &#8211; girato proprio al Centro. Previsti una cena offerta da tutti i partner enogastronomici, nonch\u00e9 una successiva serata\u00a0danzante animata dal DJ Maurizio Presente.<div id=\"videoincontent\" style=\"clear:both\";><\/div><\/p>\n<p style=\"text-align: justify;\">Entro il 2017 il tanto sperato ampliamento del reparto sar\u00e0 realt\u00e0 con 10 posti letto che si aggiungeranno agli altrettanti gi\u00e0 esistenti. Ci\u00f2 consentir\u00e0 di ridurre i tempi delle liste di attesa per il ricovero e di rispondere sempre meglio alle domande dei pazienti.<\/p>\n<p style=\"text-align: justify;\">La struttura clinica del Policlinico Universitario \u00e8 in prima linea nella cura e nella ricerca a beneficio dei pazienti rare (poco pi\u00f9 di 2.200 presi in carico nei quattro anni e mezzo di attivit\u00e0) affetti da malattie neuromuscolari, invalidanti, neurodegenerative come la SLA, la SMA e le distrofie muscolari.<\/p>\n<p> <\/p>\n","protected":false},"excerpt":{"rendered":"<p>Sar\u00e0 lo scenario di &#8220;Villa Ida&#8221; (Granatari) ad ospitare, nella serata di gioved\u00ec 28, la &#8220;Festa di Fine Estate &#8211; #RacconTiAmoNemo&#8220;. Si tratta di un evento organizzato per allestire una raccolta fondi mirata alla ricerca di nuove risorse per l&#8217;ampliamento del Centro Clinico NeMO SUD Messina, in vista del traguardo del 5\u00b0 anno di attivit\u00e0 [&hellip;]<\/p>\n","protected":false},"author":9,"featured_media":8479,"comment_status":"closed","ping_status":"open","sticky":false,"template":"","format":"standard","meta":{"ub_ctt_via":"","_mi_skip_tracking":false},"categories":[5],"tags":[],"featured_image_src":"https:\/\/www.messinaoggi.it\/website\/wp-content\/uploads\/2017\/09\/banner-2.jpg","author_info":{"display_name":"Roberto Santoro","author_link":"https:\/\/www.messinaoggi.it\/website\/author\/r-santoro\/"},"digistream_id":0,"digistream":false,"_links":{"self":[{"href":"https:\/\/www.messinaoggi.it\/website\/wp-json\/wp\/v2\/posts\/8478"}],"collection":[{"href":"https:\/\/www.messinaoggi.it\/website\/wp-json\/wp\/v2\/posts"}],"about":[{"href":"https:\/\/www.messinaoggi.it\/website\/wp-json\/wp\/v2\/types\/post"}],"author":[{"embeddable":true,"href":"https:\/\/www.messinaoggi.it\/website\/wp-json\/wp\/v2\/users\/9"}],"replies":[{"embeddable":true,"href":"https:\/\/www.messinaoggi.it\/website\/wp-json\/wp\/v2\/comments?post=8478"}],"version-history":[{"count":0,"href":"https:\/\/www.messinaoggi.it\/website\/wp-json\/wp\/v2\/posts\/8478\/revisions"}],"wp:featuredmedia":[{"embeddable":true,"href":"https:\/\/www.messinaoggi.it\/website\/wp-json\/wp\/v2\/media\/8479"}],"wp:attachment":[{"href":"https:\/\/www.messinaoggi.it\/website\/wp-json\/wp\/v2\/media?parent=8478"}],"wp:term":[{"taxonomy":"category","embeddable":true,"href":"https:\/\/www.messinaoggi.it\/website\/wp-json\/wp\/v2\/categories?post=8478"},{"taxonomy":"post_tag","embeddable":true,"href":"https:\/\/www.messinaoggi.it\/website\/wp-json\/wp\/v2\/tags?post=8478"}],"curies":[{"name":"wp","href":"https:\/\/api.w.org\/{rel}","templated":true}]}}