{"id":84749,"date":"2021-10-24T15:54:06","date_gmt":"2021-10-24T13:54:06","guid":{"rendered":"http:\/\/www.messinaoggi.it\/website\/?p=84749"},"modified":"2021-10-24T16:28:59","modified_gmt":"2021-10-24T14:28:59","slug":"io-non-rischio-buon-praiche-di-protezione-civile","status":"publish","type":"post","link":"https:\/\/www.messinaoggi.it\/website\/2021\/10\/24\/io-non-rischio-buon-praiche-di-protezione-civile\/","title":{"rendered":"&#8220;Io non rischio 2021&#8221;, buone pratiche di Protezione civile"},"content":{"rendered":"\n<p>La campagna nazionale per le buone pratiche di Protezione civile \u201cIo non rischio\u201d, giunta alla XI edizione, \u00e8 stata presentata a Palazzo Zanca, nel corso di una conferenza stampa, dall\u2019assessore alla Protezione civile Massimiliano Minutoli, dall\u2019esperto Antonio Rizzo e dall\u2019arch. Grazia Rosa Cammaroto del Dipartimento Regionale di Protezione civile.<div id=\"div-gpt-ad-Messinaoggi.it-DSK-300x250-corpoart\" style=\"text-align:center;margin:0 auto;\"><\/div><\/p>\n\n\n\n<p>Prevista la simulazione di interventi di emergenza a seguito di un terremoto e successiva onda di maremoto. La manifestazione, cui ha aderito la citt\u00e0 di Messina, coinvolger\u00e0 in contemporanea circa 350 piazze italiane con numerosi eventi online.<br>\u201cL\u2019obiettivo di questa campagna \u2013 ha sottolineato l\u2019assessore Minutoli \u2013 \u00e8 educare, formare ed informare l\u2019intera cittadinanza sui possibili rischi presenti sul territorio nel quale si vive e sul conseguente comportamento da tenere in caso di emergenza al fine di avere una cittadinanza consapevole. La prevenzione, realizzata attraverso piani di emergenza comunali, \u00e8 basilare per evidenziare eventuali criticit\u00e0 e fornire spunti di riflessione e di dialogo per la correzione dei comportamenti e la programmazione di interventi necessari e indispensabili per il miglioramento del livello di sicurezza, ma anche per la gestione dell\u2019emergenza sisma per organizzare un soccorso tempestivo ed efficiente. Alle attivit\u00e0 della manifestazione partecipano specifiche professionalit\u00e0 che ringrazio \u2013 ha concluso Minutoli \u2013 insieme alle associazioni di volontariato e a tutti coloro che prenderanno parte all\u2019iniziativa. Le associazioni di volontariato che contribuiranno alla realizzazione del programma a Piazza Cairoli sono Mari e Monti 2004, Legambiente dei Peloritani e Castel Gonzaga\u201d.<div id=\"videoincontent\" style=\"clear:both\";><\/div><\/p>\n\n\n\n<figure class=\"wp-block-image\"><img src=\"https:\/\/comune.messina.it\/wp-content\/uploads\/2021\/10\/iononrischio-conf1-300x225.jpg\" alt=\"\"\/><\/figure>\n\n\n\n<p>Per l\u2019undicesimo anno consecutivo Volontariato di Protezione civile, Comuni, Regioni e mondo della ricerca scientifica torneranno a incontrare i cittadini per diffondere la conoscenza dei rischi e sensibilizzare le comunit\u00e0 sulle vulnerabilit\u00e0 dei diversi territori, anche attraverso il racconto e la condivisione di conoscenze, esperienze e memorie storiche degli eventi che hanno interessato il nostro Paese. Quest\u2019anno, grazie all\u2019impegno di circa 3000 volontari, la campagna sar\u00e0 attiva in 300 spazi formativi e informativi sui social e fisicamente in circa 350 piazze. Tra le novit\u00e0 dell\u2019edizione 2021 anche il debutto della diretta nazionale \u201cIo non rischio\u201d, un progetto organizzato dal Dipartimento della Protezione civile, in collaborazione con l\u2019Istituto Statale Cine-Tv Roberto Rossellini di Roma. Una diretta streaming sul canale YouTube del Dipartimento che domenica mattina offrir\u00e0 ai cittadini spunti di riflessione e approfondimenti utili a diffondere la cultura di Protezione civile. In un territorio come quello italiano, in cui pi\u00f9 del 90% dei Comuni ha aree esposte a rischio alluvioni e frane e il 41% della popolazione risiede nelle zone a pi\u00f9 elevata pericolosit\u00e0 sismica (zone 1 e 2), risulta infatti sempre pi\u00f9 importante puntare sulla cultura della prevenzione e su cittadini consapevoli dei rischi a cui sono esposti. La campagna, nata nel 2011 per sensibilizzare la popolazione sul rischio sismico, \u00e8 promossa dal Dipartimento della Protezione civile con Anpas (Associazione Nazionale Pubbliche Assistenze), Ingv (Istituto Nazionale di Geofisica e Vulcanologia), Reluis (Rete dei Laboratori Universitari di Ingegneria Sismica), Fondazione Cima (Centro Internazionale in Monitoraggio Ambientale), Centri di Competenza del Dipartimento, Regioni, Province Autonome e Comuni.<\/p>\n\n\n\n<p>Sul sito ufficiale<a rel=\"noreferrer noopener\" href=\"http:\/\/www.iononrischio.it\/\" target=\"_blank\"> www.iononrischio.it <\/a>e sui profili social della Campagna (Facebook, Twitter e Instagram) \u00e8 possibile consultare materiali informativi, reperire informazioni utili e aggiornamenti sugli appuntamenti in programma.<\/p>\n","protected":false},"excerpt":{"rendered":"<p>La campagna nazionale per le buone pratiche di Protezione civile \u201cIo non rischio\u201d, giunta alla XI edizione, \u00e8 stata presentata a Palazzo Zanca, nel corso di una conferenza stampa, dall\u2019assessore alla Protezione civile Massimiliano Minutoli, dall\u2019esperto Antonio Rizzo e dall\u2019arch. Grazia Rosa Cammaroto del Dipartimento Regionale di Protezione civile. Prevista la simulazione di interventi di [&hellip;]<\/p>\n","protected":false},"author":4,"featured_media":84750,"comment_status":"open","ping_status":"open","sticky":false,"template":"","format":"standard","meta":{"ub_ctt_via":"","_mi_skip_tracking":false},"categories":[5],"tags":[3317,128,2851],"featured_image_src":"https:\/\/www.messinaoggi.it\/website\/wp-content\/uploads\/2021\/10\/io-non-rischio-a-messina.jpg","author_info":{"display_name":"redme","author_link":"https:\/\/www.messinaoggi.it\/website\/author\/redme\/"},"digistream_id":0,"digistream":false,"_links":{"self":[{"href":"https:\/\/www.messinaoggi.it\/website\/wp-json\/wp\/v2\/posts\/84749"}],"collection":[{"href":"https:\/\/www.messinaoggi.it\/website\/wp-json\/wp\/v2\/posts"}],"about":[{"href":"https:\/\/www.messinaoggi.it\/website\/wp-json\/wp\/v2\/types\/post"}],"author":[{"embeddable":true,"href":"https:\/\/www.messinaoggi.it\/website\/wp-json\/wp\/v2\/users\/4"}],"replies":[{"embeddable":true,"href":"https:\/\/www.messinaoggi.it\/website\/wp-json\/wp\/v2\/comments?post=84749"}],"version-history":[{"count":3,"href":"https:\/\/www.messinaoggi.it\/website\/wp-json\/wp\/v2\/posts\/84749\/revisions"}],"predecessor-version":[{"id":84753,"href":"https:\/\/www.messinaoggi.it\/website\/wp-json\/wp\/v2\/posts\/84749\/revisions\/84753"}],"wp:featuredmedia":[{"embeddable":true,"href":"https:\/\/www.messinaoggi.it\/website\/wp-json\/wp\/v2\/media\/84750"}],"wp:attachment":[{"href":"https:\/\/www.messinaoggi.it\/website\/wp-json\/wp\/v2\/media?parent=84749"}],"wp:term":[{"taxonomy":"category","embeddable":true,"href":"https:\/\/www.messinaoggi.it\/website\/wp-json\/wp\/v2\/categories?post=84749"},{"taxonomy":"post_tag","embeddable":true,"href":"https:\/\/www.messinaoggi.it\/website\/wp-json\/wp\/v2\/tags?post=84749"}],"curies":[{"name":"wp","href":"https:\/\/api.w.org\/{rel}","templated":true}]}}