{"id":8472,"date":"2017-09-26T18:46:34","date_gmt":"2017-09-26T16:46:34","guid":{"rendered":"http:\/\/www.messinaoggi.it\/website\/?p=8472"},"modified":"2017-09-26T18:46:34","modified_gmt":"2017-09-26T16:46:34","slug":"croce-scende-in-pista-sabato-la-presentazione-al-palacultura","status":"publish","type":"post","link":"https:\/\/www.messinaoggi.it\/website\/2017\/09\/26\/croce-scende-in-pista-sabato-la-presentazione-al-palacultura\/","title":{"rendered":"Croce scende in campo, sabato la presentazione al Palacultura"},"content":{"rendered":"<p>\u201c<em>Dopo attenta riflessione, accolgo l&#8217;invito ricevuto dalla mia comunit\u00e0 politica e da tanti amici di spendermi in prima persona nell&#8217;ambito delle prossime elezioni per il rinnovo del Parlamento Regionale Siciliano, in rappresentanza di Messina e di tutti e 108 i comuni della Provincia. Saremo a fianco di Nello Musumeci nella lista \u2018Diventer\u00e0 Bellissima\u2019, espressione di quel Movimento che mi onoro di avere contribuito a fondare sin dall&#8217;ottobre 2014 ad Enna Bassa. Grande orgoglio provo inoltre nel poter contribuire essendo al fianco del prossimo Governatore della Regione, figura di riferimento per sempre pi\u00f9 siciliani, di cui condivido la profonda attenzione per etica pubblica e, soprattutto, coerenza politica&#8221;<\/em>. Cos\u00ec <strong>Ferdinando Croce<\/strong>, candidato al Consiglio regionale con la lista \u201cDiventer\u00e0 Bellissima\u201d<br \/>\n\u201c<em>Da anni servo la comunit\u00e0 di cui faccio parte attraverso la professione forense, quella universitaria e mediante le attivit\u00e0 sociali portate avanti a Messina ed in Provincia dall&#8217;Associazione Vento dello Stretto. Con e attraverso le tante persone l\u00ec attive e presenti, ho potuto accrescere un bagaglio fatto di esperienza, operosit\u00e0 ed attenzione quotidiana alle legalit\u00e0 inteso come valore intrinseco dei doveri civici di ognuno.\u00a0<\/em><em>Ritengo che il Governo Crocetta, insieme ai tanti che gi\u00e0 oggi &#8211; anche a Messina e Provincia &#8211; si cambiano d\u2019abito con la stessa facilit\u00e0 con la quale dimenticano \u201csolenni promesse\u201d, abbia peggiorato lo stato della nostra terra causando gravi danni. Fra tutti cito solo quello inerente la riforma della sanit\u00e0 locale riguardo la quale ho personalmente curato un ricorso avverso il Presidente della Regione: uno scellerato piano che grida vendetta in tutte le comunit\u00e0 degli otto nosocomi provinciali!\u201d<\/em> Ha concluso<strong> Croce<\/strong>.<br \/>\nIntanto, sabato 30 settembre, presso la Sala Palumbo del\u00a0Palazzo della Cultura di Messina, a partire dalle ore 18.00, si terr\u00e0 la\u00a0presentazione della candidatura di\u00a0<strong>Ferdinando Croce<\/strong>\u00a0della lista\u00a0Diventer\u00e0 Bellissima\u00a0a sostegno di<strong>\u00a0Nello Musumeci<\/strong>. Il candidato esporr\u00e0 il suo articolato programma.<div id=\"div-gpt-ad-Messinaoggi.it-DSK-300x250-corpoart\" style=\"text-align:center;margin:0 auto;\"><\/div><\/p>\n<div id=\"videoincontent\" style=\"clear:both\";><\/div>","protected":false},"excerpt":{"rendered":"<p>\u201cDopo attenta riflessione, accolgo l&#8217;invito ricevuto dalla mia comunit\u00e0 politica e da tanti amici di spendermi in prima persona nell&#8217;ambito delle prossime elezioni per il rinnovo del Parlamento Regionale Siciliano, in rappresentanza di Messina e di tutti e 108 i comuni della Provincia. Saremo a fianco di Nello Musumeci nella lista \u2018Diventer\u00e0 Bellissima\u2019, espressione di [&hellip;]<\/p>\n","protected":false},"author":2,"featured_media":8473,"comment_status":"closed","ping_status":"open","sticky":false,"template":"","format":"standard","meta":{"ub_ctt_via":"","_mi_skip_tracking":false},"categories":[4],"tags":[],"featured_image_src":"https:\/\/www.messinaoggi.it\/website\/wp-content\/uploads\/2017\/09\/Musumeci-e-Croce-2.jpeg","author_info":{"display_name":"Redazione","author_link":"https:\/\/www.messinaoggi.it\/website\/author\/redazione\/"},"digistream_id":0,"digistream":false,"_links":{"self":[{"href":"https:\/\/www.messinaoggi.it\/website\/wp-json\/wp\/v2\/posts\/8472"}],"collection":[{"href":"https:\/\/www.messinaoggi.it\/website\/wp-json\/wp\/v2\/posts"}],"about":[{"href":"https:\/\/www.messinaoggi.it\/website\/wp-json\/wp\/v2\/types\/post"}],"author":[{"embeddable":true,"href":"https:\/\/www.messinaoggi.it\/website\/wp-json\/wp\/v2\/users\/2"}],"replies":[{"embeddable":true,"href":"https:\/\/www.messinaoggi.it\/website\/wp-json\/wp\/v2\/comments?post=8472"}],"version-history":[{"count":0,"href":"https:\/\/www.messinaoggi.it\/website\/wp-json\/wp\/v2\/posts\/8472\/revisions"}],"wp:featuredmedia":[{"embeddable":true,"href":"https:\/\/www.messinaoggi.it\/website\/wp-json\/wp\/v2\/media\/8473"}],"wp:attachment":[{"href":"https:\/\/www.messinaoggi.it\/website\/wp-json\/wp\/v2\/media?parent=8472"}],"wp:term":[{"taxonomy":"category","embeddable":true,"href":"https:\/\/www.messinaoggi.it\/website\/wp-json\/wp\/v2\/categories?post=8472"},{"taxonomy":"post_tag","embeddable":true,"href":"https:\/\/www.messinaoggi.it\/website\/wp-json\/wp\/v2\/tags?post=8472"}],"curies":[{"name":"wp","href":"https:\/\/api.w.org\/{rel}","templated":true}]}}