{"id":84666,"date":"2021-10-23T14:07:34","date_gmt":"2021-10-23T12:07:34","guid":{"rendered":"https:\/\/www.messinaoggi.it\/website\/2021\/10\/23\/pensioni-per-la-cgil-con-quota-102-104-solo-10mila-uscite\/"},"modified":"2021-10-23T14:07:34","modified_gmt":"2021-10-23T12:07:34","slug":"pensioni-per-la-cgil-con-quota-102-104-solo-10mila-uscite","status":"publish","type":"post","link":"https:\/\/www.messinaoggi.it\/website\/2021\/10\/23\/pensioni-per-la-cgil-con-quota-102-104-solo-10mila-uscite\/","title":{"rendered":"Pensioni, per la Cgil con quota 102-104 solo 10mila uscite"},"content":{"rendered":"<div>ROMA (ITALPRESS) &#8211; Quota 102 e 104, tra il 2022 e il 2023, coinvolgerebbe solo 10mila persone circa. Lo rileva un&#8217;analisi dell&#8217;osservatorio Previdenza della Fondazione Di Vittorio e della Cgil Nazionale. Una stima che \u00e8 stata ricavata proiettando nel prossimo biennio i dati relativi a chi ha usufruito finora di Quota 100 e assumendo i nuovi vincoli anagrafici previsti dalla nuova norma: 64 e 66 anni. &#8220;Dai nostri studi &#8211; afferma Ezio Cigna, responsabile Previdenza pubblica della Cgil nazionale &#8211; sarebbero 8.524 le persone coinvolte nel 2022 e 1.924 nel 2023, visto che molti dei soggetti che potrebbero perfezionare &#8216;Quota 102&#8217; nel 2022 e &#8216;Quota 104&#8217; nel 2023 hanno gi\u00e0 il maturato il requisito di &#8216;Quota 100&#8217; al 31 dicembre 2021&#8221;. In particolare, spiega il dirigente sindacale, &#8220;nel 2022 potrebbero accedere a &#8216;Quota 102&#8217; solo le persone con almeno 64 di et\u00e0, ossia chi \u00e8 nato dal 1956 al 1958 e con 38 anni di contributi, non un contributo in pi\u00f9 altrimenti avrebbero maturato &#8216;Quota 100&#8217;, non un contributo in meno altrimenti non raggiungerebbero il requisito contributivo, essendo &#8216;Quota 102&#8217; una misura della durata di un solo anno. Nel 2023 &#8211; prosegue Cigna &#8211; potrebbero utilizzare &#8216;Quota 104&#8217; esclusivamente le persone che avranno 66 anni di et\u00e0, cio\u00e8 nate nel solo 1957 e con 38 anni di contributi, e che non avevano maturato tale requisito nel 2021 cos\u00ec da poter usufruire di &#8216;Quota 100&#8242;&#8221;.<br \/>(ITALPRESS).<\/div>\n<div id=\"div-gpt-ad-Messinaoggi.it-DSK-300x250-corpoart\" style=\"text-align:center;margin:0 auto;\"><\/div><\/p><div id=\"videoincontent\" style=\"clear:both\";><\/div>","protected":false},"excerpt":{"rendered":"<p>ROMA (ITALPRESS) &#8211; Quota 102 e 104, tra il 2022 e il 2023, coinvolgerebbe solo 10mila persone circa. Lo rileva un&#8217;analisi dell&#8217;osservatorio Previdenza della Fondazione Di Vittorio e della Cgil Nazionale. Una stima che \u00e8 stata ricavata proiettando nel prossimo biennio i dati relativi a chi ha usufruito finora di Quota 100 e assumendo i [&hellip;]<\/p>\n","protected":false},"author":18,"featured_media":84667,"comment_status":"closed","ping_status":"closed","sticky":false,"template":"","format":"standard","meta":{"ub_ctt_via":"","_mi_skip_tracking":false},"categories":[446],"tags":[783],"featured_image_src":"https:\/\/www.messinaoggi.it\/website\/wp-content\/uploads\/2021\/10\/20211023_0878.jpg","author_info":{"display_name":"Admin","author_link":"https:\/\/www.messinaoggi.it\/website\/author\/admin\/"},"digistream_id":0,"digistream":false,"_links":{"self":[{"href":"https:\/\/www.messinaoggi.it\/website\/wp-json\/wp\/v2\/posts\/84666"}],"collection":[{"href":"https:\/\/www.messinaoggi.it\/website\/wp-json\/wp\/v2\/posts"}],"about":[{"href":"https:\/\/www.messinaoggi.it\/website\/wp-json\/wp\/v2\/types\/post"}],"author":[{"embeddable":true,"href":"https:\/\/www.messinaoggi.it\/website\/wp-json\/wp\/v2\/users\/18"}],"replies":[{"embeddable":true,"href":"https:\/\/www.messinaoggi.it\/website\/wp-json\/wp\/v2\/comments?post=84666"}],"version-history":[{"count":0,"href":"https:\/\/www.messinaoggi.it\/website\/wp-json\/wp\/v2\/posts\/84666\/revisions"}],"wp:featuredmedia":[{"embeddable":true,"href":"https:\/\/www.messinaoggi.it\/website\/wp-json\/wp\/v2\/media\/84667"}],"wp:attachment":[{"href":"https:\/\/www.messinaoggi.it\/website\/wp-json\/wp\/v2\/media?parent=84666"}],"wp:term":[{"taxonomy":"category","embeddable":true,"href":"https:\/\/www.messinaoggi.it\/website\/wp-json\/wp\/v2\/categories?post=84666"},{"taxonomy":"post_tag","embeddable":true,"href":"https:\/\/www.messinaoggi.it\/website\/wp-json\/wp\/v2\/tags?post=84666"}],"curies":[{"name":"wp","href":"https:\/\/api.w.org\/{rel}","templated":true}]}}